{"id":1000,"date":"2019-03-15T14:30:29","date_gmt":"2019-03-15T17:30:29","guid":{"rendered":"http:\/\/www.santaritadopassaquatro.sp.gov.br\/portal\/?p=1000"},"modified":"2019-03-15T14:30:29","modified_gmt":"2019-03-15T17:30:29","slug":"desenvolvimento-santa-rita-tera-mais-uma-edicao-do-programa-sebrae-supermei","status":"publish","type":"post","link":"https:\/\/www.santaritadopassaquatro.sp.gov.br\/portal\/desenvolvimento-santa-rita-tera-mais-uma-edicao-do-programa-sebrae-supermei\/","title":{"rendered":"DESENVOLVIMENTO &#8211;\u00a0Santa Rita ter\u00e1 mais uma edi\u00e7\u00e3o do programa Sebrae SuperMEI"},"content":{"rendered":"<p><strong><em>Inscri\u00e7\u00f5es devem ser feitas at\u00e9 o pr\u00f3ximo dia 29\/3; destinado a toda popula\u00e7\u00e3o, programa acontece em parceira com ACE e Prefeitura <\/em><\/strong><\/p>\n<p>&nbsp;<\/p>\n<p><img decoding=\"async\" class=\"alignnone size-medium wp-image-1001 alignleft\" src=\"http:\/\/www.santaritadopassaquatro.sp.gov.br\/portal\/wp-content\/uploads\/2019\/03\/sebrae_aqui-300x225.jpg\" alt=\"\" width=\"300\" height=\"225\" srcset=\"https:\/\/www.santaritadopassaquatro.sp.gov.br\/portal\/wp-content\/uploads\/2019\/03\/sebrae_aqui-300x225.jpg 300w, https:\/\/www.santaritadopassaquatro.sp.gov.br\/portal\/wp-content\/uploads\/2019\/03\/sebrae_aqui-768x576.jpg 768w, https:\/\/www.santaritadopassaquatro.sp.gov.br\/portal\/wp-content\/uploads\/2019\/03\/sebrae_aqui-1024x768.jpg 1024w, https:\/\/www.santaritadopassaquatro.sp.gov.br\/portal\/wp-content\/uploads\/2019\/03\/sebrae_aqui.jpg 1040w\" sizes=\"(max-width: 300px) 100vw, 300px\" \/>Santa Rita do Passa Quatro ir\u00e1 receber mais uma edi\u00e7\u00e3o do programa SuperMEI, promovido pelo Sebrae\/SP em parceira com a Prefeitura Municipal e ACE (Associa\u00e7\u00e3o Comercial e Empresarial).<\/p>\n<p>Aberta a toda a popula\u00e7\u00e3o, o programa oferece capacita\u00e7\u00e3o em Gest\u00e3o com oficina de capacita\u00e7\u00e3o gratuita, no per\u00edodo de 1\u00ba a 5 de abril, no per\u00edodo noturno.<\/p>\n<p>As inscri\u00e7\u00f5es tamb\u00e9m s\u00e3o gratuitas e devem ser feitas na sede do Sebrae Aqui de Santa Rita, (Av. Severino Meirelles, 1230 \u2013 Centro), de segunda a sexta-feira, das 8h \u00e0s 11h 13h \u00e0s 17 horas, at\u00e9 o pr\u00f3ximo dia 29 de mar\u00e7o, sexta-feira. As vagas s\u00e3o limitadas.<\/p>\n<p>As oficinas ir\u00e3o acontecer no hor\u00e1rio das 19h \u00e0s 22 horas, na sede da Associa\u00e7\u00e3o Comercial, e ir\u00e3o tratar de cinco temas, um por aula: \u201cSei Planejar\u201d, \u201cSei Controlar Meu Dinheiro\u201d, \u201cSei Formar Pre\u00e7o\u201d, \u201cSei Inovar\u201d e \u201cSei Vender\u201d.<\/p>\n<p>A a\u00e7\u00e3o faz parte do Plano de Desenvolvimento do Munic\u00edpio, visando a gera\u00e7\u00e3o de emprego e renda em Santa Rita, atrav\u00e9s de capacita\u00e7\u00e3o e apoio financeiro. Quem participar e concluir o curso, tamb\u00e9m pode aderir ao Programa Juro Zero Empreendedor, uma linha de cr\u00e9dito para financiamentos de valores de at\u00e9 R$ 20 mil com car\u00eancia de at\u00e9 seis meses e pagamento em 36 parcelas, sem juros.<\/p>\n<p>Esta \u00e9 a terceira vez que Santa Rita recebe os programas SuperMEI e Juro Zero, do Sebrae\/SP. As duas primeiras edi\u00e7\u00f5es aconteceram em junho e novembro de 2018.<\/p>\n<p><strong>\u00a0<\/strong><\/p>\n<blockquote><p><strong>SERV\u00c7O<br \/>\nPROGRAMA SUPER MEI E PROGRAMA JUROS ZERO<br \/>\nOficinas: <\/strong>1\u00ba a 5 de abril, per\u00edodo noturno.<strong><br \/>\nComo participar \u2013 <\/strong>Inscri\u00e7\u00f5es gratuitas no SEBRAE AQUI de Santa Rita (Av. Severino Meirelles, 1230 \u2013 Centro), de segunda \u00e0 sexta-feira, das 8h as 11h 13h \u00e0s 17h. At\u00e9 29 de mar\u00e7o de 2019.<br \/>\n<strong>Documentos necess\u00e1rios &#8211; <\/strong>C\u00f3pia do RG, CPF, T\u00edtulo de Eleitor e Comprovante de Resid\u00eancia.<br \/>\n<strong>Mais informa\u00e7\u00f5es<\/strong> &#8211; Fone 3584-8548.<\/p><\/blockquote>\n<p>&nbsp;<\/p>\n","protected":false},"excerpt":{"rendered":"<p>Inscri\u00e7\u00f5es devem ser feitas at\u00e9 o pr\u00f3ximo dia 29\/3; destinado a toda popula\u00e7\u00e3o, programa acontece em parceira com ACE e<\/p>\n","protected":false},"author":1,"featured_media":1001,"comment_status":"closed","ping_status":"open","sticky":false,"template":"","format":"standard","meta":{"footnotes":""},"categories":[47,48,54],"tags":[],"class_list":["post-1000","post","type-post","status-publish","format-standard","has-post-thumbnail","hentry","category-desenvovimento","category-featured","category-novidades"],"_links":{"self":[{"href":"https:\/\/www.santaritadopassaquatro.sp.gov.br\/portal\/wp-json\/wp\/v2\/posts\/1000","targetHints":{"allow":["GET"]}}],"collection":[{"href":"https:\/\/www.santaritadopassaquatro.sp.gov.br\/portal\/wp-json\/wp\/v2\/posts"}],"about":[{"href":"https:\/\/www.santaritadopassaquatro.sp.gov.br\/portal\/wp-json\/wp\/v2\/types\/post"}],"author":[{"embeddable":true,"href":"https:\/\/www.santaritadopassaquatro.sp.gov.br\/portal\/wp-json\/wp\/v2\/users\/1"}],"replies":[{"embeddable":true,"href":"https:\/\/www.santaritadopassaquatro.sp.gov.br\/portal\/wp-json\/wp\/v2\/comments?post=1000"}],"version-history":[{"count":0,"href":"https:\/\/www.santaritadopassaquatro.sp.gov.br\/portal\/wp-json\/wp\/v2\/posts\/1000\/revisions"}],"wp:featuredmedia":[{"embeddable":true,"href":"https:\/\/www.santaritadopassaquatro.sp.gov.br\/portal\/wp-json\/wp\/v2\/media\/1001"}],"wp:attachment":[{"href":"https:\/\/www.santaritadopassaquatro.sp.gov.br\/portal\/wp-json\/wp\/v2\/media?parent=1000"}],"wp:term":[{"taxonomy":"category","embeddable":true,"href":"https:\/\/www.santaritadopassaquatro.sp.gov.br\/portal\/wp-json\/wp\/v2\/categories?post=1000"},{"taxonomy":"post_tag","embeddable":true,"href":"https:\/\/www.santaritadopassaquatro.sp.gov.br\/portal\/wp-json\/wp\/v2\/tags?post=1000"}],"curies":[{"name":"wp","href":"https:\/\/api.w.org\/{rel}","templated":true}]}}