{"id":1003,"date":"2019-03-15T14:37:25","date_gmt":"2019-03-15T17:37:25","guid":{"rendered":"http:\/\/www.santaritadopassaquatro.sp.gov.br\/portal\/?p=1003"},"modified":"2019-03-15T14:37:25","modified_gmt":"2019-03-15T17:37:25","slug":"santa-rita-receber-o-3o-torneio-atletismo-paulista-neste-sabado","status":"publish","type":"post","link":"https:\/\/www.santaritadopassaquatro.sp.gov.br\/portal\/santa-rita-receber-o-3o-torneio-atletismo-paulista-neste-sabado\/","title":{"rendered":"Santa Rita receber o 3\u00ba Torneio Atletismo Paulista neste s\u00e1bado"},"content":{"rendered":"<p><strong><em>\u00a0<\/em><\/strong><strong><em>Promovida pela Confedera\u00e7\u00e3o Brasileira e Federa\u00e7\u00e3o Paulista de Atletismo, com Departamento de Esportes competi\u00e7\u00e3o acontece no Centro Ol\u00edmpico<\/em><\/strong><\/p>\n<p>&nbsp;<\/p>\n<figure id=\"attachment_1005\" aria-describedby=\"caption-attachment-1005\" style=\"width: 341px\" class=\"wp-caption alignleft\"><img decoding=\"async\" class=\"wp-image-1005 \" src=\"http:\/\/www.santaritadopassaquatro.sp.gov.br\/portal\/wp-content\/uploads\/2019\/03\/centro_olimpico_treino01-300x199.jpg\" alt=\"\" width=\"341\" height=\"226\" srcset=\"https:\/\/www.santaritadopassaquatro.sp.gov.br\/portal\/wp-content\/uploads\/2019\/03\/centro_olimpico_treino01-300x199.jpg 300w, https:\/\/www.santaritadopassaquatro.sp.gov.br\/portal\/wp-content\/uploads\/2019\/03\/centro_olimpico_treino01-768x511.jpg 768w, https:\/\/www.santaritadopassaquatro.sp.gov.br\/portal\/wp-content\/uploads\/2019\/03\/centro_olimpico_treino01-1024x681.jpg 1024w\" sizes=\"(max-width: 341px) 100vw, 341px\" \/><figcaption id=\"caption-attachment-1005\" class=\"wp-caption-text\"><span style=\"font-size: 8pt; color: #999999;\"><strong><em>Atletas treinando no Centro Ol\u00edmpico, local que ir\u00e1 receber importante competi\u00e7\u00e3o neste fim de semana (AssCom\/Divulga\u00e7\u00e3o)<\/em><\/strong><\/span><\/figcaption><\/figure>\n<p>Santa Rita do Passa Quatro recebe neste s\u00e1bado (16\/3) mais um evento esportivo de n\u00edvel nacional \u00e9 at\u00e9 internacional. A partir das 8 horas, acontece no Centro Ol\u00edmpico o 3\u00ba Torneio Atletismo Paulista, promovida pela Confedera\u00e7\u00e3o Brasileira e Federa\u00e7\u00e3o Paulista de Atletismo, com Departamento de Esportes.<\/p>\n<p>At\u00e9 as 18 horas, atletas federados estar\u00e3o disputando provas de atletismo com homologa\u00e7\u00e3o de resultados para fins de obten\u00e7\u00e3o de \u00edndices para participa\u00e7\u00e3o em competi\u00e7\u00f5es no Brasil e no exterior.<\/p>\n<p>A programa\u00e7\u00e3o come\u00e7a com Congresso T\u00e9cnico e logo em seguida acontecem as disputas de corridas de 60, 75, 100, 1000 e 5000 metros rasos; 80, 100, 110 e 400 metros com barreiras; salto triplo, salto em dist\u00e2ncia, salto em altura; arremesso do peso, lan\u00e7amento do disco, lan\u00e7amento do dardo e lan\u00e7amento do martelo, nas categorias masculino e feminino.<\/p>\n<p>O Centro Ol\u00edmpico est\u00e1 cada vez mais se consolidando como um importante celeiro na forma\u00e7\u00e3o de atletas de alto desempenho. Este \u00e9 o segundo grande evento do ano no Centro Ol\u00edmpico. Em janeiro o munic\u00edpio recebeu o 1\u00ba Camping de Atletismo Para Capacita\u00e7\u00e3o T\u00e9cnica e Treinamento, com a presen\u00e7a dos ex-atletas Edson Luciano Ribeiro (medalhista ol\u00edmpico em Atlanta e Sidney), Rosemar Maria Coelho (medalhista ol\u00edmpica em Pequin), o presidente da Federa\u00e7\u00e3o Paulista de Atletismo Joel Oliveira e cerca de 80 atletas.<\/p>\n<p>Na \u00e9poca tamb\u00e9m foi assinado um conv\u00eanio para implanta\u00e7\u00e3o no munic\u00edpio do Programa SESI-SP Atleta do Futuro, oferecido gratuitamente para crian\u00e7as e jovens de 6 a 17 anos.<\/p>\n<p><strong>\u00a0<\/strong><\/p>\n<p>&nbsp;<\/p>\n","protected":false},"excerpt":{"rendered":"<p>\u00a0Promovida pela Confedera\u00e7\u00e3o Brasileira e Federa\u00e7\u00e3o Paulista de Atletismo, com Departamento de Esportes competi\u00e7\u00e3o acontece no Centro Ol\u00edmpico &nbsp; Santa<\/p>\n","protected":false},"author":1,"featured_media":1004,"comment_status":"closed","ping_status":"open","sticky":false,"template":"","format":"standard","meta":{"footnotes":""},"categories":[51,52],"tags":[],"class_list":["post-1003","post","type-post","status-publish","format-standard","has-post-thumbnail","hentry","category-sports","category-latest"],"_links":{"self":[{"href":"https:\/\/www.santaritadopassaquatro.sp.gov.br\/portal\/wp-json\/wp\/v2\/posts\/1003","targetHints":{"allow":["GET"]}}],"collection":[{"href":"https:\/\/www.santaritadopassaquatro.sp.gov.br\/portal\/wp-json\/wp\/v2\/posts"}],"about":[{"href":"https:\/\/www.santaritadopassaquatro.sp.gov.br\/portal\/wp-json\/wp\/v2\/types\/post"}],"author":[{"embeddable":true,"href":"https:\/\/www.santaritadopassaquatro.sp.gov.br\/portal\/wp-json\/wp\/v2\/users\/1"}],"replies":[{"embeddable":true,"href":"https:\/\/www.santaritadopassaquatro.sp.gov.br\/portal\/wp-json\/wp\/v2\/comments?post=1003"}],"version-history":[{"count":0,"href":"https:\/\/www.santaritadopassaquatro.sp.gov.br\/portal\/wp-json\/wp\/v2\/posts\/1003\/revisions"}],"wp:featuredmedia":[{"embeddable":true,"href":"https:\/\/www.santaritadopassaquatro.sp.gov.br\/portal\/wp-json\/wp\/v2\/media\/1004"}],"wp:attachment":[{"href":"https:\/\/www.santaritadopassaquatro.sp.gov.br\/portal\/wp-json\/wp\/v2\/media?parent=1003"}],"wp:term":[{"taxonomy":"category","embeddable":true,"href":"https:\/\/www.santaritadopassaquatro.sp.gov.br\/portal\/wp-json\/wp\/v2\/categories?post=1003"},{"taxonomy":"post_tag","embeddable":true,"href":"https:\/\/www.santaritadopassaquatro.sp.gov.br\/portal\/wp-json\/wp\/v2\/tags?post=1003"}],"curies":[{"name":"wp","href":"https:\/\/api.w.org\/{rel}","templated":true}]}}