{"id":10056,"date":"2024-05-08T15:22:37","date_gmt":"2024-05-08T18:22:37","guid":{"rendered":"https:\/\/www.santaritadopassaquatro.sp.gov.br\/portal\/?p=10056"},"modified":"2024-10-14T16:38:57","modified_gmt":"2024-10-14T19:38:57","slug":"escuta-publica-de-culturapolitica-nacional-aldir-blanc-pnab","status":"publish","type":"post","link":"https:\/\/www.santaritadopassaquatro.sp.gov.br\/portal\/escuta-publica-de-culturapolitica-nacional-aldir-blanc-pnab\/","title":{"rendered":"ESCUTA P\u00daBLICA DE CULTURA POL\u00cdTICA NACIONAL ALDIR BLANC \u2013 PNAB"},"content":{"rendered":"\n<p><\/p>\n\n\n\n<figure class=\"wp-block-image size-full\"><img decoding=\"async\" width=\"1080\" height=\"1080\" src=\"http:\/\/www.santaritadopassaquatro.sp.gov.br\/portal\/wp-content\/uploads\/2024\/05\/WhatsApp-Image-2024-05-07-at-17.21.15.jpeg\" alt=\"\" class=\"wp-image-10057\" \/><figcaption class=\"wp-element-caption\">Divulga\u00e7\u00e3o para as Redes Sociais do Munic\u00edpio<\/figcaption><\/figure>\n\n\n\n<p>Dia 15 de maio (quarta-feira) \u00e0s 19h no Centro Cultural Governador M\u00e1rio Covas, acontecer\u00e1 a Escuta P\u00fablica de Cultura, para a apresenta\u00e7\u00e3o e direcionamentos do uso da Pol\u00edtica Nacional Aldir Blanc de Fomento \u00e0 Cultura (PNAB), tamb\u00e9m conhecida como Lei Aldir Blanc 2, institu\u00edda pela Lei n\u00ba 14.399, de 08 de julho de 2022, e que tem como objetivo fomentar a cultura nacionalmente ao apoiar todos os Estados, o Distrito Federal e os Munic\u00edpios brasileiros, durante 5 anos, com in\u00edcio em 2023.<\/p>\n\n\n\n<p>Deste modo, o Departamento de Turismo, Cultura, Esporte e Lazer da Prefeitura Municipal de Santa Rita do Passa Quatro com o apoio do Conselho Municipal de Pol\u00edticas Culturais ( COMCULT) com o intuito de contribuir para a populariza\u00e7\u00e3o dessa pol\u00edtica p\u00fablica, convida os agentes e fazedores de cultura do munic\u00edpio para que juntos possam elaborar o PAAR ( Plano Anual de Aplica\u00e7\u00e3o dos Recursos), que \u00e9 instrumento obrigat\u00f3rio previsto na lei de participa\u00e7\u00e3o social para constru\u00e7\u00e3o coletiva e norteadora para a destina\u00e7\u00e3o dos recursos.<\/p>\n\n\n\n<p>SERVI\u00c7O: ESCUTA P\u00daBLICA<br>DATA: 15 DE MAIO 2024 (QUARTA-FEIRA)<br>HOR\u00c1RIO: 19H<br>LOCAL: CENTRO CULTURAL GOVERNADOR M\u00c1RIO COVAS (PRA\u00c7A PROF. JOS\u00c9 GONSO, S\/N, CINEL\u00c2NDIA \u2013 SANTA RITA DO PASSA QUATRO &#8211; SP)<\/p>\n","protected":false},"excerpt":{"rendered":"<p>Dia 15 de maio (quarta-feira) \u00e0s 19h no Centro Cultural Governador M\u00e1rio Covas, acontecer\u00e1 a Escuta P\u00fablica de Cultura, para<\/p>\n","protected":false},"author":3,"featured_media":0,"comment_status":"closed","ping_status":"open","sticky":false,"template":"","format":"standard","meta":{"footnotes":""},"categories":[155,46,60],"tags":[],"class_list":["post-10056","post","type-post","status-publish","format-standard","hentry","category-aldir-blanc-2","category-cultura","category-turismo"],"_links":{"self":[{"href":"https:\/\/www.santaritadopassaquatro.sp.gov.br\/portal\/wp-json\/wp\/v2\/posts\/10056","targetHints":{"allow":["GET"]}}],"collection":[{"href":"https:\/\/www.santaritadopassaquatro.sp.gov.br\/portal\/wp-json\/wp\/v2\/posts"}],"about":[{"href":"https:\/\/www.santaritadopassaquatro.sp.gov.br\/portal\/wp-json\/wp\/v2\/types\/post"}],"author":[{"embeddable":true,"href":"https:\/\/www.santaritadopassaquatro.sp.gov.br\/portal\/wp-json\/wp\/v2\/users\/3"}],"replies":[{"embeddable":true,"href":"https:\/\/www.santaritadopassaquatro.sp.gov.br\/portal\/wp-json\/wp\/v2\/comments?post=10056"}],"version-history":[{"count":2,"href":"https:\/\/www.santaritadopassaquatro.sp.gov.br\/portal\/wp-json\/wp\/v2\/posts\/10056\/revisions"}],"predecessor-version":[{"id":10398,"href":"https:\/\/www.santaritadopassaquatro.sp.gov.br\/portal\/wp-json\/wp\/v2\/posts\/10056\/revisions\/10398"}],"wp:attachment":[{"href":"https:\/\/www.santaritadopassaquatro.sp.gov.br\/portal\/wp-json\/wp\/v2\/media?parent=10056"}],"wp:term":[{"taxonomy":"category","embeddable":true,"href":"https:\/\/www.santaritadopassaquatro.sp.gov.br\/portal\/wp-json\/wp\/v2\/categories?post=10056"},{"taxonomy":"post_tag","embeddable":true,"href":"https:\/\/www.santaritadopassaquatro.sp.gov.br\/portal\/wp-json\/wp\/v2\/tags?post=10056"}],"curies":[{"name":"wp","href":"https:\/\/api.w.org\/{rel}","templated":true}]}}