{"id":10090,"date":"2024-05-21T13:26:14","date_gmt":"2024-05-21T16:26:14","guid":{"rendered":"http:\/\/www.santaritadopassaquatro.sp.gov.br\/portal\/?p=10090"},"modified":"2024-05-21T15:10:18","modified_gmt":"2024-05-21T18:10:18","slug":"edital-de-atribuicao-2024-21-05-2024","status":"publish","type":"post","link":"https:\/\/www.santaritadopassaquatro.sp.gov.br\/portal\/edital-de-atribuicao-2024-21-05-2024\/","title":{"rendered":"EDITAL DE ATRIBUI\u00c7\u00c3O 2024 (21\/05\/2024)"},"content":{"rendered":"\n<p>O Departamento Municipal de Educa\u00e7\u00e3o de Santa Rita do Passa Quatro \u2013 SP, no uso de suas atribui\u00e7\u00f5es legais, vem comunicar as classes\/aulas constantes neste edital para atribui\u00e7\u00e3o\u00a0<strong>que ocorrer\u00e1 no dia 23 de maio de 2024, nas depend\u00eancias do Departamento de Educa\u00e7\u00e3o (Avenida Severino Meirelles, 1230 \u2013Centro), \u00e0s 10h.<\/strong>\u00a0Esse processo inclui como condi\u00e7\u00e3o para atribui\u00e7\u00e3o\/contrata\u00e7\u00e3o tempor\u00e1ria, confer\u00eancia de documenta\u00e7\u00e3o dos docentes classificados no Processo Seletivo 01\/2023.<\/p>\n\n\n\n<div data-wp-interactive=\"core\/file\" class=\"wp-block-file\"><object data-wp-bind--hidden=\"!state.hasPdfPreview\" hidden class=\"wp-block-file__embed\" data=\"https:\/\/www.santaritadopassaquatro.sp.gov.br\/portal\/wp-content\/uploads\/2024\/05\/015-Atribuicao-Sala-de-Apoio-AEE-e-PEB-I-2.pdf\" type=\"application\/pdf\" style=\"width:100%;height:600px\" aria-label=\"Incorporado de 015-Atribuicao-Sala-de-Apoio-AEE-e-PEB-I-2.\"><\/object><a id=\"wp-block-file--media-3d0f172a-1ded-4514-8016-b53df9dd0e71\" href=\"https:\/\/www.santaritadopassaquatro.sp.gov.br\/portal\/wp-content\/uploads\/2024\/05\/015-Atribuicao-Sala-de-Apoio-AEE-e-PEB-I-2.pdf\">015-Atribuicao-Sala-de-Apoio-AEE-e-PEB-I-2<\/a><a href=\"https:\/\/www.santaritadopassaquatro.sp.gov.br\/portal\/wp-content\/uploads\/2024\/05\/015-Atribuicao-Sala-de-Apoio-AEE-e-PEB-I-2.pdf\" class=\"wp-block-file__button wp-element-button\" download aria-describedby=\"wp-block-file--media-3d0f172a-1ded-4514-8016-b53df9dd0e71\">Baixar<\/a><\/div>\n","protected":false},"excerpt":{"rendered":"<p>O Departamento Municipal de Educa\u00e7\u00e3o de Santa Rita do Passa Quatro \u2013 SP, no uso de suas atribui\u00e7\u00f5es legais, vem<\/p>\n","protected":false},"author":3,"featured_media":0,"comment_status":"closed","ping_status":"open","sticky":false,"template":"","format":"standard","meta":{"footnotes":""},"categories":[33,28],"tags":[],"class_list":["post-10090","post","type-post","status-publish","format-standard","hentry","category-atribuicao-de-aulas","category-educacao"],"_links":{"self":[{"href":"https:\/\/www.santaritadopassaquatro.sp.gov.br\/portal\/wp-json\/wp\/v2\/posts\/10090","targetHints":{"allow":["GET"]}}],"collection":[{"href":"https:\/\/www.santaritadopassaquatro.sp.gov.br\/portal\/wp-json\/wp\/v2\/posts"}],"about":[{"href":"https:\/\/www.santaritadopassaquatro.sp.gov.br\/portal\/wp-json\/wp\/v2\/types\/post"}],"author":[{"embeddable":true,"href":"https:\/\/www.santaritadopassaquatro.sp.gov.br\/portal\/wp-json\/wp\/v2\/users\/3"}],"replies":[{"embeddable":true,"href":"https:\/\/www.santaritadopassaquatro.sp.gov.br\/portal\/wp-json\/wp\/v2\/comments?post=10090"}],"version-history":[{"count":3,"href":"https:\/\/www.santaritadopassaquatro.sp.gov.br\/portal\/wp-json\/wp\/v2\/posts\/10090\/revisions"}],"predecessor-version":[{"id":10097,"href":"https:\/\/www.santaritadopassaquatro.sp.gov.br\/portal\/wp-json\/wp\/v2\/posts\/10090\/revisions\/10097"}],"wp:attachment":[{"href":"https:\/\/www.santaritadopassaquatro.sp.gov.br\/portal\/wp-json\/wp\/v2\/media?parent=10090"}],"wp:term":[{"taxonomy":"category","embeddable":true,"href":"https:\/\/www.santaritadopassaquatro.sp.gov.br\/portal\/wp-json\/wp\/v2\/categories?post=10090"},{"taxonomy":"post_tag","embeddable":true,"href":"https:\/\/www.santaritadopassaquatro.sp.gov.br\/portal\/wp-json\/wp\/v2\/tags?post=10090"}],"curies":[{"name":"wp","href":"https:\/\/api.w.org\/{rel}","templated":true}]}}