{"id":10098,"date":"2024-05-24T16:11:18","date_gmt":"2024-05-24T19:11:18","guid":{"rendered":"http:\/\/www.santaritadopassaquatro.sp.gov.br\/portal\/?p=10098"},"modified":"2024-10-14T16:37:06","modified_gmt":"2024-10-14T19:37:06","slug":"escuta-publica-politica-nacional-aldir-blanc","status":"publish","type":"post","link":"https:\/\/www.santaritadopassaquatro.sp.gov.br\/portal\/escuta-publica-politica-nacional-aldir-blanc\/","title":{"rendered":"ESCUTA P\u00daBLICA &#8220;POL\u00cdTICA NACIONAL ALDIR BLANC&#8221;"},"content":{"rendered":"\n<figure class=\"wp-block-gallery has-nested-images columns-default is-cropped wp-block-gallery-1 is-layout-flex wp-block-gallery-is-layout-flex\">\n<figure class=\"wp-block-image size-large\"><img decoding=\"async\" width=\"1080\" height=\"1080\" data-id=\"10103\" src=\"http:\/\/www.santaritadopassaquatro.sp.gov.br\/portal\/wp-content\/uploads\/2024\/05\/38.jpg\" alt=\"\" class=\"wp-image-10103\" \/><\/figure>\n\n\n\n<figure class=\"wp-block-image size-large\"><img decoding=\"async\" width=\"1080\" height=\"1080\" data-id=\"10104\" src=\"http:\/\/www.santaritadopassaquatro.sp.gov.br\/portal\/wp-content\/uploads\/2024\/05\/39.jpg\" alt=\"\" class=\"wp-image-10104\" \/><\/figure>\n\n\n\n<figure class=\"wp-block-image size-large\"><img decoding=\"async\" width=\"1080\" height=\"1080\" data-id=\"10102\" src=\"http:\/\/www.santaritadopassaquatro.sp.gov.br\/portal\/wp-content\/uploads\/2024\/05\/40.jpg\" alt=\"\" class=\"wp-image-10102\" \/><\/figure>\n\n\n\n<figure class=\"wp-block-image size-large\"><img decoding=\"async\" width=\"1080\" height=\"1080\" data-id=\"10101\" src=\"http:\/\/www.santaritadopassaquatro.sp.gov.br\/portal\/wp-content\/uploads\/2024\/05\/41.jpg\" alt=\"\" class=\"wp-image-10101\" \/><\/figure>\n\n\n\n<figure class=\"wp-block-image size-large\"><img decoding=\"async\" width=\"1080\" height=\"1080\" data-id=\"10099\" src=\"http:\/\/www.santaritadopassaquatro.sp.gov.br\/portal\/wp-content\/uploads\/2024\/05\/42.jpg\" alt=\"\" class=\"wp-image-10099\" \/><\/figure>\n\n\n\n<figure class=\"wp-block-image size-large\"><img decoding=\"async\" width=\"1080\" height=\"1080\" data-id=\"10100\" src=\"http:\/\/www.santaritadopassaquatro.sp.gov.br\/portal\/wp-content\/uploads\/2024\/05\/43.jpg\" alt=\"\" class=\"wp-image-10100\" \/><\/figure>\n\n\n\n<figure class=\"wp-block-image size-large\"><img decoding=\"async\" width=\"1080\" height=\"1080\" data-id=\"10105\" src=\"http:\/\/www.santaritadopassaquatro.sp.gov.br\/portal\/wp-content\/uploads\/2024\/05\/Escuta-Publica.jpg\" alt=\"\" class=\"wp-image-10105\" \/><\/figure>\n<\/figure>\n\n\n\n<p><\/p>\n\n\n\n<p>Na Quarta-feira, 15 de maio de 2024, a Prefeitura de Santa Rita do Passa Quatro, por meio do Departamento de Turismo, Cultura, Esporte e Lazer e do Conselho Municipal de Pol\u00edtica Cultural (COMCULT), realizou a Escuta P\u00fablica de Cultura para a apresenta\u00e7\u00e3o e direcionamentos do uso da Pol\u00edtica Nacional Aldir Blanc de Fomento \u00e0 Cultura (PNAB), tamb\u00e9m conhecida como \u201cLei Aldir Blanc 2\u201d, institu\u00edda pela Lei n\u00ba 14.399, de 08 de julho de 2022, que tem como objetivo fomentar a cultura nacionalmente ao apoiar todos os Estados, o Distrito Federal e os Munic\u00edpios brasileiros, durante 5 anos, com in\u00edcio em 2023.<\/p>\n\n\n\n<p><\/p>\n\n\n\n<p>O evento aconteceu no Centro Cultural Governador M\u00e1rio Covas e reuniu diversos agentes culturais da cidade. A intermedia\u00e7\u00e3o da escuta ficou por conta da produtora cultural Alessandra Constantino e presidente do Conselho de Cultura da cidade de Jaboticabal, juntamente com a gestora de Cultura do munic\u00edpio, Graziela Villela que apresentaram informa\u00e7\u00f5es, sugest\u00f5es e tiraram d\u00favidas sobre a lei.<\/p>\n\n\n\n<p><\/p>\n\n\n\n<p>Os mun\u00edcipes puderam opinar sobre suas demandas e ideias para a constru\u00e7\u00e3o e aprova\u00e7\u00e3o do Plano Anual de Aplica\u00e7\u00e3o de Recursos (PAAR) e estabeleceram juntos, onde ser\u00e3o aplicados os recursos que este ano foi destinado o valor de R$ 202.970,91 ao munic\u00edpio. Essa constru\u00e7\u00e3o foi um momento enriquecedor para o setor Cultural, unindo agentes culturais das mais variadas linguagens art\u00edsticas para debater sobre a import\u00e2ncia de pol\u00edticas p\u00fablicas culturais como mecanismo positivo de impacto social e econ\u00f4mico na sociedade e no setor.<\/p>\n\n\n\n<p><\/p>\n\n\n\n<p>Todas as informa\u00e7\u00f5es de como e quando inscrever seu projeto cultural ser\u00e1 especificado dentro dos pr\u00f3prios Editais que ser\u00e3o lan\u00e7ados oficialmente em di\u00e1rio oficial mais provavelmente no segundo semestre. Todos os projetos passam por avalia\u00e7\u00e3o e ser\u00e3o selecionados por meio de comiss\u00e3o t\u00e9cnica espec\u00edfica de pareceristas.<\/p>\n\n\n\n<p><\/p>\n\n\n\n<p>SRP4 com + Cultura! Santa Rita, Cidade Poema \ud83d\udc9a<\/p>\n\n\n\n<p><\/p>\n\n\n\n<div data-wp-interactive=\"core\/file\" class=\"wp-block-file\"><object data-wp-bind--hidden=\"!state.hasPdfPreview\" hidden class=\"wp-block-file__embed\" data=\"https:\/\/www.santaritadopassaquatro.sp.gov.br\/portal\/wp-content\/uploads\/2024\/05\/Ata-Escuta-Publica-PNAB.pdf\" type=\"application\/pdf\" style=\"width:100%;height:600px\" aria-label=\"Incorporado de Ata-Escuta-Publica-PNAB.\"><\/object><a id=\"wp-block-file--media-ef4f8f3f-c50e-4cb6-a7a4-a672498fd584\" href=\"https:\/\/www.santaritadopassaquatro.sp.gov.br\/portal\/wp-content\/uploads\/2024\/05\/Ata-Escuta-Publica-PNAB.pdf\">Ata-Escuta-Publica-PNAB<\/a><a href=\"https:\/\/www.santaritadopassaquatro.sp.gov.br\/portal\/wp-content\/uploads\/2024\/05\/Ata-Escuta-Publica-PNAB.pdf\" class=\"wp-block-file__button wp-element-button\" download aria-describedby=\"wp-block-file--media-ef4f8f3f-c50e-4cb6-a7a4-a672498fd584\">Baixar<\/a><\/div>\n\n\n\n<div data-wp-interactive=\"core\/file\" class=\"wp-block-file\"><object data-wp-bind--hidden=\"!state.hasPdfPreview\" hidden class=\"wp-block-file__embed\" data=\"https:\/\/www.santaritadopassaquatro.sp.gov.br\/portal\/wp-content\/uploads\/2024\/05\/ATA-ORD-06_05_2024-COMCULT.pdf\" type=\"application\/pdf\" style=\"width:100%;height:600px\" aria-label=\"Incorporado de ATA-ORD-06_05_2024-COMCULT.\"><\/object><a id=\"wp-block-file--media-03fb7109-eacf-4347-b47c-8cc8f7294cd7\" href=\"https:\/\/www.santaritadopassaquatro.sp.gov.br\/portal\/wp-content\/uploads\/2024\/05\/ATA-ORD-06_05_2024-COMCULT.pdf\">ATA-ORD-06_05_2024-COMCULT<\/a><a href=\"https:\/\/www.santaritadopassaquatro.sp.gov.br\/portal\/wp-content\/uploads\/2024\/05\/ATA-ORD-06_05_2024-COMCULT.pdf\" class=\"wp-block-file__button wp-element-button\" download aria-describedby=\"wp-block-file--media-03fb7109-eacf-4347-b47c-8cc8f7294cd7\">Baixar<\/a><\/div>\n","protected":false},"excerpt":{"rendered":"<p>Na Quarta-feira, 15 de maio de 2024, a Prefeitura de Santa Rita do Passa Quatro, por meio do Departamento de<\/p>\n","protected":false},"author":3,"featured_media":0,"comment_status":"closed","ping_status":"open","sticky":false,"template":"","format":"standard","meta":{"footnotes":""},"categories":[155,46,60],"tags":[],"class_list":["post-10098","post","type-post","status-publish","format-standard","hentry","category-aldir-blanc-2","category-cultura","category-turismo"],"_links":{"self":[{"href":"https:\/\/www.santaritadopassaquatro.sp.gov.br\/portal\/wp-json\/wp\/v2\/posts\/10098","targetHints":{"allow":["GET"]}}],"collection":[{"href":"https:\/\/www.santaritadopassaquatro.sp.gov.br\/portal\/wp-json\/wp\/v2\/posts"}],"about":[{"href":"https:\/\/www.santaritadopassaquatro.sp.gov.br\/portal\/wp-json\/wp\/v2\/types\/post"}],"author":[{"embeddable":true,"href":"https:\/\/www.santaritadopassaquatro.sp.gov.br\/portal\/wp-json\/wp\/v2\/users\/3"}],"replies":[{"embeddable":true,"href":"https:\/\/www.santaritadopassaquatro.sp.gov.br\/portal\/wp-json\/wp\/v2\/comments?post=10098"}],"version-history":[{"count":2,"href":"https:\/\/www.santaritadopassaquatro.sp.gov.br\/portal\/wp-json\/wp\/v2\/posts\/10098\/revisions"}],"predecessor-version":[{"id":10129,"href":"https:\/\/www.santaritadopassaquatro.sp.gov.br\/portal\/wp-json\/wp\/v2\/posts\/10098\/revisions\/10129"}],"wp:attachment":[{"href":"https:\/\/www.santaritadopassaquatro.sp.gov.br\/portal\/wp-json\/wp\/v2\/media?parent=10098"}],"wp:term":[{"taxonomy":"category","embeddable":true,"href":"https:\/\/www.santaritadopassaquatro.sp.gov.br\/portal\/wp-json\/wp\/v2\/categories?post=10098"},{"taxonomy":"post_tag","embeddable":true,"href":"https:\/\/www.santaritadopassaquatro.sp.gov.br\/portal\/wp-json\/wp\/v2\/tags?post=10098"}],"curies":[{"name":"wp","href":"https:\/\/api.w.org\/{rel}","templated":true}]}}