{"id":1023,"date":"2019-03-15T14:59:11","date_gmt":"2019-03-15T17:59:11","guid":{"rendered":"http:\/\/www.santaritadopassaquatro.sp.gov.br\/portal\/?p=1023"},"modified":"2019-03-15T14:59:11","modified_gmt":"2019-03-15T17:59:11","slug":"na-presidencia-da-aprecesp-prefeito-se-reune-com-secretario-de-turismo-em-sp","status":"publish","type":"post","link":"https:\/\/www.santaritadopassaquatro.sp.gov.br\/portal\/na-presidencia-da-aprecesp-prefeito-se-reune-com-secretario-de-turismo-em-sp\/","title":{"rendered":"Na presid\u00eancia da Aprecesp, prefeito se re\u00fane com Secret\u00e1rio de Turismo em SP"},"content":{"rendered":"<p><strong><em>Acompanhado de demais prefeitos, membros da diretoria da entidade, Leandro Luciano dos Santos e Vin\u00edcius Lumertz<\/em><\/strong><\/p>\n<p><strong><em>\u00a0<\/em><\/strong><\/p>\n<figure id=\"attachment_1024\" aria-describedby=\"caption-attachment-1024\" style=\"width: 225px\" class=\"wp-caption alignleft\"><img decoding=\"async\" class=\"wp-image-1024 size-medium\" src=\"http:\/\/www.santaritadopassaquatro.sp.gov.br\/portal\/wp-content\/uploads\/2019\/03\/Prefeito_secretaria_turismo_01-225x300.jpeg\" alt=\"\" width=\"225\" height=\"300\" srcset=\"https:\/\/www.santaritadopassaquatro.sp.gov.br\/portal\/wp-content\/uploads\/2019\/03\/Prefeito_secretaria_turismo_01-225x300.jpeg 225w, https:\/\/www.santaritadopassaquatro.sp.gov.br\/portal\/wp-content\/uploads\/2019\/03\/Prefeito_secretaria_turismo_01.jpeg 768w\" sizes=\"(max-width: 225px) 100vw, 225px\" \/><figcaption id=\"caption-attachment-1024\" class=\"wp-caption-text\"><span style=\"font-size: 8pt; color: #999999;\"><em><strong>O prefeito de Santa Rita com o secret\u00e1rio de Estado do Turismo, em reuni\u00e3o em S\u00e3o Paulo (Divulga\u00e7\u00e3o)<\/strong><\/em><\/span><\/figcaption><\/figure>\n<p>Esta semana o prefeito de Santa Rita do Passa Quatro, Leandro Luciano dos Santos, cumpriu mais um compromisso como presidente da Associa\u00e7\u00e3o das Prefeituras Est\u00e2ncias do Estado de S\u00e3o Paulo (Aprecesp). Na \u00faltima quarta-feira (13\/3), acompanhado de demais membros da diretoria da entidade, o prefeito esteve reunido com o Secret\u00e1rio de Estado de Turismo, Vin\u00edcius Lumertz.<\/p>\n<p>A reuni\u00e3o foi para tratar dos Conv\u00eanios de Infraestrutura Tur\u00edsticas a serem formalizados junto ao Dadetur (Departamento de Apoio ao Desenvolvimento dos Munic\u00edpios Tur\u00edsticos), em benef\u00edcio das 70 est\u00e2ncias paulistas, incluindo Santa Rita.<\/p>\n<p>Tamb\u00e9m participou do encontro o presidente do Cons\u00f3rcio de Desenvolvimento Integrado do Vale do Para\u00edba, Litoral Norte e Mantiqueira (Codivap), D\u00e9lcio Sato, prefeito de Ubatuba. Criado em 1970, o Codivap tem como objetivo de fortalecer as reivindica\u00e7\u00f5es da regi\u00e3o junto ao governo do estado.<\/p>\n<figure id=\"attachment_1026\" aria-describedby=\"caption-attachment-1026\" style=\"width: 300px\" class=\"wp-caption alignright\"><img decoding=\"async\" class=\"wp-image-1026 size-medium\" src=\"http:\/\/www.santaritadopassaquatro.sp.gov.br\/portal\/wp-content\/uploads\/2019\/03\/Prefeito_secretaria_turismo_03-300x225.jpg\" alt=\"\" width=\"300\" height=\"225\" srcset=\"https:\/\/www.santaritadopassaquatro.sp.gov.br\/portal\/wp-content\/uploads\/2019\/03\/Prefeito_secretaria_turismo_03-300x225.jpg 300w, https:\/\/www.santaritadopassaquatro.sp.gov.br\/portal\/wp-content\/uploads\/2019\/03\/Prefeito_secretaria_turismo_03-768x576.jpg 768w, https:\/\/www.santaritadopassaquatro.sp.gov.br\/portal\/wp-content\/uploads\/2019\/03\/Prefeito_secretaria_turismo_03.jpg 960w\" sizes=\"(max-width: 300px) 100vw, 300px\" \/><figcaption id=\"caption-attachment-1026\" class=\"wp-caption-text\"><span style=\"font-size: 8pt; color: #999999;\"><em><strong>Os prefeitos de Santa Rita, Holambra e Ubatuba em reuni\u00e3o entre Aprcesp, Codivap e Secretaria de Turismo, nesta quarta-feira (Divulga\u00e7\u00e3o)<\/strong><\/em><\/span><\/figcaption><\/figure>\n<p>A Aprecesp \u00e9 uma entidade que representa os interesses e atua pelo fomento tur\u00edstico dos 70 munic\u00edpios est\u00e2ncia do Estado, al\u00e9m de ter assento no Conselho Estadual de Turismo, na C\u00e2mara de Turismo da Federa\u00e7\u00e3o do Com\u00e9rcio e no Conselho de Orienta\u00e7\u00e3o (COC), al\u00e9m de e Controle do Departamento de Apoio ao Desenvolvimento dos Munic\u00edpios Tur\u00edsticos (Dadetur), \u00f3rg\u00e3o da Secretaria Estadual de Turismo<\/p>\n<p>\u201cFomos muito bem recebidos pelo secret\u00e1rio e sua equipe, que garantiram o repasse dos recursos das obras em andamento e a busca de novas possibilidades para os pr\u00f3ximos pleitos\u201d, disse o prefeito.<\/p>\n<p>A pr\u00f3xima Reuni\u00e3o de Prefeitos da Aprecesp acontece na est\u00e2ncia balne\u00e1ria do Guaruj\u00e1, no pr\u00f3ximo dia 6 de abril.<\/p>\n<p><strong>\u00a0<\/strong><\/p>\n<p>&nbsp;<\/p>\n<p>&nbsp;<\/p>\n","protected":false},"excerpt":{"rendered":"<p>Acompanhado de demais prefeitos, membros da diretoria da entidade, Leandro Luciano dos Santos e Vin\u00edcius Lumertz \u00a0 Esta semana o<\/p>\n","protected":false},"author":1,"featured_media":1025,"comment_status":"closed","ping_status":"open","sticky":false,"template":"","format":"standard","meta":{"footnotes":""},"categories":[44,52,60],"tags":[],"class_list":["post-1023","post","type-post","status-publish","format-standard","has-post-thumbnail","hentry","category-cidades","category-latest","category-turismo"],"_links":{"self":[{"href":"https:\/\/www.santaritadopassaquatro.sp.gov.br\/portal\/wp-json\/wp\/v2\/posts\/1023","targetHints":{"allow":["GET"]}}],"collection":[{"href":"https:\/\/www.santaritadopassaquatro.sp.gov.br\/portal\/wp-json\/wp\/v2\/posts"}],"about":[{"href":"https:\/\/www.santaritadopassaquatro.sp.gov.br\/portal\/wp-json\/wp\/v2\/types\/post"}],"author":[{"embeddable":true,"href":"https:\/\/www.santaritadopassaquatro.sp.gov.br\/portal\/wp-json\/wp\/v2\/users\/1"}],"replies":[{"embeddable":true,"href":"https:\/\/www.santaritadopassaquatro.sp.gov.br\/portal\/wp-json\/wp\/v2\/comments?post=1023"}],"version-history":[{"count":0,"href":"https:\/\/www.santaritadopassaquatro.sp.gov.br\/portal\/wp-json\/wp\/v2\/posts\/1023\/revisions"}],"wp:featuredmedia":[{"embeddable":true,"href":"https:\/\/www.santaritadopassaquatro.sp.gov.br\/portal\/wp-json\/wp\/v2\/media\/1025"}],"wp:attachment":[{"href":"https:\/\/www.santaritadopassaquatro.sp.gov.br\/portal\/wp-json\/wp\/v2\/media?parent=1023"}],"wp:term":[{"taxonomy":"category","embeddable":true,"href":"https:\/\/www.santaritadopassaquatro.sp.gov.br\/portal\/wp-json\/wp\/v2\/categories?post=1023"},{"taxonomy":"post_tag","embeddable":true,"href":"https:\/\/www.santaritadopassaquatro.sp.gov.br\/portal\/wp-json\/wp\/v2\/tags?post=1023"}],"curies":[{"name":"wp","href":"https:\/\/api.w.org\/{rel}","templated":true}]}}