{"id":1032,"date":"2019-03-22T14:22:07","date_gmt":"2019-03-22T17:22:07","guid":{"rendered":"http:\/\/www.santaritadopassaquatro.sp.gov.br\/portal\/?p=1032"},"modified":"2019-03-22T14:22:07","modified_gmt":"2019-03-22T17:22:07","slug":"humor-andre-massa-arrecada-250-litros-deleite-e-doa-cadeiras-de-rodas-ao-asilo","status":"publish","type":"post","link":"https:\/\/www.santaritadopassaquatro.sp.gov.br\/portal\/humor-andre-massa-arrecada-250-litros-deleite-e-doa-cadeiras-de-rodas-ao-asilo\/","title":{"rendered":"HUMOR &#8211; Andr\u00e9 Massa arrecada 250 litros deleite e doa cadeiras de rodas ao Asilo"},"content":{"rendered":"<p><strong><em>Arrecada\u00e7\u00e3o aconteceu nos shows apresentados pelo humorista no Centro Cultural Mario Covas, no \u00faltimo s\u00e1bado <\/em><\/strong><\/p>\n<p>&nbsp;<\/p>\n<figure id=\"attachment_1033\" aria-describedby=\"caption-attachment-1033\" style=\"width: 356px\" class=\"wp-caption alignleft\"><img decoding=\"async\" class=\"wp-image-1033 \" src=\"http:\/\/www.santaritadopassaquatro.sp.gov.br\/portal\/wp-content\/uploads\/2019\/03\/andre_massa_asilo_mar19_maria_rita-300x200.jpg\" alt=\"\" width=\"356\" height=\"238\" srcset=\"https:\/\/www.santaritadopassaquatro.sp.gov.br\/portal\/wp-content\/uploads\/2019\/03\/andre_massa_asilo_mar19_maria_rita-300x200.jpg 300w, https:\/\/www.santaritadopassaquatro.sp.gov.br\/portal\/wp-content\/uploads\/2019\/03\/andre_massa_asilo_mar19_maria_rita-768x511.jpg 768w, https:\/\/www.santaritadopassaquatro.sp.gov.br\/portal\/wp-content\/uploads\/2019\/03\/andre_massa_asilo_mar19_maria_rita.jpg 853w\" sizes=\"(max-width: 356px) 100vw, 356px\" \/><figcaption id=\"caption-attachment-1033\" class=\"wp-caption-text\"><span style=\"font-size: 8pt; color: #999999;\"><em><strong>Andr\u00e9 Massa, com a vice-prefeita Maria Rita Mondin de Oliveira e equipe Departamento Cultura, durante entrega dos alimentos \u00e0 diretoria do Asilo (Divulga\u00e7\u00e3o)<\/strong><\/em><\/span><\/figcaption><\/figure>\n<p>Sucesso mais uma vez. Assim foram as apresenta\u00e7\u00f5es da com\u00e9dia <em>stand up<\/em> Comediologia, com Andr\u00e9 Massa, no Centro Cultural M\u00e1rio Covas, no \u00faltimo s\u00e1bado (16\/3). Esta \u00e9 a terceira vez que Santa Rita do Passa Quatro recebe a atra\u00e7\u00e3o, promovida com apoio do Departamento de Cultura e Turismo, da Prefeitura Municipal.<\/p>\n<p>Foram dois shows do mesmo dia e o p\u00fablico mais uma vez prestigiou o colaborou com a troca de 1 litro de leite pelo ingresso. Como resultado, foram arrecadados 250 litros de todos doados ao Lar S\u00e3o Vicente de Paulo (Asilo). O humorista tamb\u00e9m fez a doa\u00e7\u00e3o de tr\u00eas cadeiras de rodas para o benef\u00edcio dos moradores do Lar.<\/p>\n<p>Com participa\u00e7\u00f5es especiais de Rafa Bonfim e Kadu Rams\u00e9s, no espet\u00e1culo, Andr\u00e9 Massa realizou verdadeiros shows de humor repleto de alegria, sem pol\u00eamicas, sem palavr\u00f5es e sem ultrapassar os \u201climites sociais\u201d, com diversas performances e in\u00fameras gargalhadas.<\/p>\n<p>&#8220;Uma cidade incr\u00edvel e que me trata como um filho dessa terra de gente batalhadora e acolhedora. Em um pa\u00eds cheio de intoler\u00e2ncia, essa cidade d\u00e1 show de solidariedade e amor. Ah, Santa Rita do Passa Quatro, sua linda!&#8221;, disse o humorista Andr\u00e9 Massa em sua rede social.<\/p>\n<p>Andr\u00e9 Massa j\u00e1 soma mais de 90 mil seguidores em suas redes sociais e 300 mil visualiza\u00e7\u00f5es de v\u00eddeos no facebook. Hoje, o ator \u00e9 considerado uma das revela\u00e7\u00f5es do humor brasileiro. J\u00e1 passou por grandes r\u00e1dios e se consolida cada vez mais como apresentador no SBT de Ribeir\u00e3o Preto.<\/p>\n<p>&nbsp;<\/p>\n<p>&nbsp;<\/p>\n<p>&nbsp;<\/p>\n<p><strong>\u00a0<\/strong><\/p>\n<p><strong>\u00a0<\/strong><\/p>\n<p>&nbsp;<\/p>\n<p>&nbsp;<\/p>\n","protected":false},"excerpt":{"rendered":"<p>Arrecada\u00e7\u00e3o aconteceu nos shows apresentados pelo humorista no Centro Cultural Mario Covas, no \u00faltimo s\u00e1bado &nbsp; Sucesso mais uma vez.<\/p>\n","protected":false},"author":1,"featured_media":1034,"comment_status":"closed","ping_status":"open","sticky":false,"template":"","format":"standard","meta":{"footnotes":""},"categories":[43,46],"tags":[],"class_list":["post-1032","post","type-post","status-publish","format-standard","has-post-thumbnail","hentry","category-assistenciasocial","category-cultura"],"_links":{"self":[{"href":"https:\/\/www.santaritadopassaquatro.sp.gov.br\/portal\/wp-json\/wp\/v2\/posts\/1032","targetHints":{"allow":["GET"]}}],"collection":[{"href":"https:\/\/www.santaritadopassaquatro.sp.gov.br\/portal\/wp-json\/wp\/v2\/posts"}],"about":[{"href":"https:\/\/www.santaritadopassaquatro.sp.gov.br\/portal\/wp-json\/wp\/v2\/types\/post"}],"author":[{"embeddable":true,"href":"https:\/\/www.santaritadopassaquatro.sp.gov.br\/portal\/wp-json\/wp\/v2\/users\/1"}],"replies":[{"embeddable":true,"href":"https:\/\/www.santaritadopassaquatro.sp.gov.br\/portal\/wp-json\/wp\/v2\/comments?post=1032"}],"version-history":[{"count":0,"href":"https:\/\/www.santaritadopassaquatro.sp.gov.br\/portal\/wp-json\/wp\/v2\/posts\/1032\/revisions"}],"wp:featuredmedia":[{"embeddable":true,"href":"https:\/\/www.santaritadopassaquatro.sp.gov.br\/portal\/wp-json\/wp\/v2\/media\/1034"}],"wp:attachment":[{"href":"https:\/\/www.santaritadopassaquatro.sp.gov.br\/portal\/wp-json\/wp\/v2\/media?parent=1032"}],"wp:term":[{"taxonomy":"category","embeddable":true,"href":"https:\/\/www.santaritadopassaquatro.sp.gov.br\/portal\/wp-json\/wp\/v2\/categories?post=1032"},{"taxonomy":"post_tag","embeddable":true,"href":"https:\/\/www.santaritadopassaquatro.sp.gov.br\/portal\/wp-json\/wp\/v2\/tags?post=1032"}],"curies":[{"name":"wp","href":"https:\/\/api.w.org\/{rel}","templated":true}]}}