{"id":1036,"date":"2019-03-22T14:24:30","date_gmt":"2019-03-22T17:24:30","guid":{"rendered":"http:\/\/www.santaritadopassaquatro.sp.gov.br\/portal\/?p=1036"},"modified":"2019-03-22T14:24:30","modified_gmt":"2019-03-22T17:24:30","slug":"santa-rita-se-prepara-para-a-disputa-mais-uma-taca-eptv-de-futsal","status":"publish","type":"post","link":"https:\/\/www.santaritadopassaquatro.sp.gov.br\/portal\/santa-rita-se-prepara-para-a-disputa-mais-uma-taca-eptv-de-futsal\/","title":{"rendered":"Santa Rita se prepara para a disputa mais uma Ta\u00e7a EPTV de Futsal"},"content":{"rendered":"<p><strong><em>Evento come\u00e7a neste s\u00e1bado, com solenidade de abertura; equipe santa-ritense entre em quadra a partir do dia 15 de abril<\/em><\/strong><\/p>\n<p>&nbsp;<\/p>\n<figure id=\"attachment_1037\" aria-describedby=\"caption-attachment-1037\" style=\"width: 300px\" class=\"wp-caption alignleft\"><img decoding=\"async\" class=\"wp-image-1037 size-medium\" src=\"http:\/\/www.santaritadopassaquatro.sp.gov.br\/portal\/wp-content\/uploads\/2019\/03\/taca_eptv_titulo2014-300x200.jpg\" alt=\"\" width=\"300\" height=\"200\" srcset=\"https:\/\/www.santaritadopassaquatro.sp.gov.br\/portal\/wp-content\/uploads\/2019\/03\/taca_eptv_titulo2014-300x200.jpg 300w, https:\/\/www.santaritadopassaquatro.sp.gov.br\/portal\/wp-content\/uploads\/2019\/03\/taca_eptv_titulo2014.jpg 720w\" sizes=\"(max-width: 300px) 100vw, 300px\" \/><figcaption id=\"caption-attachment-1037\" class=\"wp-caption-text\"><span style=\"font-size: 8pt; color: #999999;\"><strong><em>Comemora\u00e7\u00e3o do t\u00edtulo da ta\u00e7a EPTV de Futsal em 2014 (Arquivo\/Divulga\u00e7\u00e3o)<\/em><\/strong><\/span><\/figcaption><\/figure>\n<p>O Departamento Municipal de Esportes de Santa Rita do Passa Quatro est\u00e1 na disputa mais uma Ta\u00e7a EPTV Central de futsal. A 23\u00aa edi\u00e7\u00e3o da competi\u00e7\u00e3o come\u00e7a neste s\u00e1bado (23\/3) com a solenidade de abertura, em seguida, os 33 times inscritos iniciam as disputas.<\/p>\n<p>As equipes est\u00e3o divididas em dez chaves e Santa Rita est\u00e1 no Gripo 10 com Vargem Grande do Sul, Santa Cruz da Concei\u00e7\u00e3o e Mococa. Os dois melhores de cada grupo avan\u00e7am. Ser\u00e3o duas fases de classifica\u00e7\u00e3o e depois se inicia o mata-mata at\u00e9 a final, prevista para o dia 1\u00ba de junho.<\/p>\n<p>O Congresso T\u00e9cnico da 23\u00aa edi\u00e7\u00e3o da Ta\u00e7a EPTV Central foi realizado no \u00faltimo dia 14\/3, quinta-feira, em S\u00e3o Carlos, quando foi definido o chaveamento dos 33 participantes da competi\u00e7\u00e3o.<\/p>\n<p>Os jogos s\u00e3o disputados \u00e0s segundas e quintas-feiras at\u00e9 o dia 1\u00ba de junho, quando acontece a final.\u00a0 O primeiro jogo de Santa Rita ser\u00e1 no pr\u00f3ximo dia 1\u00ba de abril, segunda-feira, em Mococa, contra o time da casa. O segundo jogo ser\u00e1 no dia 15 de abril, tamb\u00e9m segunda-feira, em Porto Ferreira, contra Vargem Grande do Sul. Na sequ\u00eancia, a equipe santa-ritense enfrenta Santa Cruz da Concei\u00e7\u00e3o, em S\u00e3o Jo\u00e3o da Boa Vista, no dia 25 de abril, quinta-feira. .<\/p>\n<p>No retrospecto, Santa Rita conquistou o t\u00edtulo de campe\u00e3o da Ta\u00e7a EPTV, em 2014, e o o vice-campeonato em 2015.<\/p>\n<p>&nbsp;<\/p>\n<p>&nbsp;<\/p>\n<p><strong>\u00a0<\/strong><\/p>\n<p><strong>\u00a0<\/strong><\/p>\n","protected":false},"excerpt":{"rendered":"<p>Evento come\u00e7a neste s\u00e1bado, com solenidade de abertura; equipe santa-ritense entre em quadra a partir do dia 15 de abril<\/p>\n","protected":false},"author":1,"featured_media":1037,"comment_status":"closed","ping_status":"open","sticky":false,"template":"","format":"standard","meta":{"footnotes":""},"categories":[48,51],"tags":[],"class_list":["post-1036","post","type-post","status-publish","format-standard","has-post-thumbnail","hentry","category-featured","category-sports"],"_links":{"self":[{"href":"https:\/\/www.santaritadopassaquatro.sp.gov.br\/portal\/wp-json\/wp\/v2\/posts\/1036","targetHints":{"allow":["GET"]}}],"collection":[{"href":"https:\/\/www.santaritadopassaquatro.sp.gov.br\/portal\/wp-json\/wp\/v2\/posts"}],"about":[{"href":"https:\/\/www.santaritadopassaquatro.sp.gov.br\/portal\/wp-json\/wp\/v2\/types\/post"}],"author":[{"embeddable":true,"href":"https:\/\/www.santaritadopassaquatro.sp.gov.br\/portal\/wp-json\/wp\/v2\/users\/1"}],"replies":[{"embeddable":true,"href":"https:\/\/www.santaritadopassaquatro.sp.gov.br\/portal\/wp-json\/wp\/v2\/comments?post=1036"}],"version-history":[{"count":0,"href":"https:\/\/www.santaritadopassaquatro.sp.gov.br\/portal\/wp-json\/wp\/v2\/posts\/1036\/revisions"}],"wp:featuredmedia":[{"embeddable":true,"href":"https:\/\/www.santaritadopassaquatro.sp.gov.br\/portal\/wp-json\/wp\/v2\/media\/1037"}],"wp:attachment":[{"href":"https:\/\/www.santaritadopassaquatro.sp.gov.br\/portal\/wp-json\/wp\/v2\/media?parent=1036"}],"wp:term":[{"taxonomy":"category","embeddable":true,"href":"https:\/\/www.santaritadopassaquatro.sp.gov.br\/portal\/wp-json\/wp\/v2\/categories?post=1036"},{"taxonomy":"post_tag","embeddable":true,"href":"https:\/\/www.santaritadopassaquatro.sp.gov.br\/portal\/wp-json\/wp\/v2\/tags?post=1036"}],"curies":[{"name":"wp","href":"https:\/\/api.w.org\/{rel}","templated":true}]}}