{"id":1039,"date":"2019-03-22T14:26:49","date_gmt":"2019-03-22T17:26:49","guid":{"rendered":"http:\/\/www.santaritadopassaquatro.sp.gov.br\/portal\/?p=1039"},"modified":"2019-03-22T14:26:49","modified_gmt":"2019-03-22T17:26:49","slug":"fundo-social-inicia-mais-um-curso-de-pedreiro","status":"publish","type":"post","link":"https:\/\/www.santaritadopassaquatro.sp.gov.br\/portal\/fundo-social-inicia-mais-um-curso-de-pedreiro\/","title":{"rendered":"\u00a0Fundo Social inicia mais um curso de pedreiro"},"content":{"rendered":"<p><strong><em>Aulas noturnas no Centro Profissionalizante come\u00e7aram na segunda-feira (18\/3)<\/em><\/strong><\/p>\n<p>&nbsp;<\/p>\n<figure id=\"attachment_1040\" aria-describedby=\"caption-attachment-1040\" style=\"width: 300px\" class=\"wp-caption alignleft\"><img decoding=\"async\" class=\"wp-image-1040 size-medium\" src=\"http:\/\/www.santaritadopassaquatro.sp.gov.br\/portal\/wp-content\/uploads\/2019\/03\/curso_pedreiro_mar19-300x225.jpg\" alt=\"\" width=\"300\" height=\"225\" srcset=\"https:\/\/www.santaritadopassaquatro.sp.gov.br\/portal\/wp-content\/uploads\/2019\/03\/curso_pedreiro_mar19-300x225.jpg 300w, https:\/\/www.santaritadopassaquatro.sp.gov.br\/portal\/wp-content\/uploads\/2019\/03\/curso_pedreiro_mar19-768x576.jpg 768w, https:\/\/www.santaritadopassaquatro.sp.gov.br\/portal\/wp-content\/uploads\/2019\/03\/curso_pedreiro_mar19-1024x768.jpg 1024w, https:\/\/www.santaritadopassaquatro.sp.gov.br\/portal\/wp-content\/uploads\/2019\/03\/curso_pedreiro_mar19.jpg 1032w\" sizes=\"(max-width: 300px) 100vw, 300px\" \/><figcaption id=\"caption-attachment-1040\" class=\"wp-caption-text\"><span style=\"font-size: 8pt; color: #999999;\"><em><strong> Alunos da nova turma do curso de pedreiro do Fundo Social (Divulga\u00e7\u00e3o)<\/strong><\/em><\/span><\/figcaption><\/figure>\n<p>O Fundo Social de Solidariedade, da Prefeitura Municipal de Santa Rita do Passa Quatro, iniciou na \u00faltima segunda-feira (18\/3) curso de pedreiro. Ao todo mais 20 alunos iniciaram as aulas noturnas realizadas no Centro Profissionalizante Professora M\u00e1rcia de Souza Menegassi. \u00a0Com carga hor\u00e1ria de 160 horas, o curso segue at\u00e9 30 de julho com aulas noturnas, segunda a quarta-feira.<\/p>\n<p>Trata-se de mais um curso promovido pelo Fundo Social de Solidariedade do munic\u00edpio em busca de qualifica\u00e7\u00e3o profissional. Em fevereiro, iniciaram as aulas do curso de eletricista instalador, em parceria com o Senai-SP, para mais uma turma.<\/p>\n<p>&nbsp;<\/p>\n<p>&nbsp;<\/p>\n","protected":false},"excerpt":{"rendered":"<p>Aulas noturnas no Centro Profissionalizante come\u00e7aram na segunda-feira (18\/3) &nbsp; O Fundo Social de Solidariedade, da Prefeitura Municipal de Santa<\/p>\n","protected":false},"author":1,"featured_media":1040,"comment_status":"closed","ping_status":"open","sticky":false,"template":"","format":"standard","meta":{"footnotes":""},"categories":[43,48],"tags":[],"class_list":["post-1039","post","type-post","status-publish","format-standard","has-post-thumbnail","hentry","category-assistenciasocial","category-featured"],"_links":{"self":[{"href":"https:\/\/www.santaritadopassaquatro.sp.gov.br\/portal\/wp-json\/wp\/v2\/posts\/1039","targetHints":{"allow":["GET"]}}],"collection":[{"href":"https:\/\/www.santaritadopassaquatro.sp.gov.br\/portal\/wp-json\/wp\/v2\/posts"}],"about":[{"href":"https:\/\/www.santaritadopassaquatro.sp.gov.br\/portal\/wp-json\/wp\/v2\/types\/post"}],"author":[{"embeddable":true,"href":"https:\/\/www.santaritadopassaquatro.sp.gov.br\/portal\/wp-json\/wp\/v2\/users\/1"}],"replies":[{"embeddable":true,"href":"https:\/\/www.santaritadopassaquatro.sp.gov.br\/portal\/wp-json\/wp\/v2\/comments?post=1039"}],"version-history":[{"count":0,"href":"https:\/\/www.santaritadopassaquatro.sp.gov.br\/portal\/wp-json\/wp\/v2\/posts\/1039\/revisions"}],"wp:featuredmedia":[{"embeddable":true,"href":"https:\/\/www.santaritadopassaquatro.sp.gov.br\/portal\/wp-json\/wp\/v2\/media\/1040"}],"wp:attachment":[{"href":"https:\/\/www.santaritadopassaquatro.sp.gov.br\/portal\/wp-json\/wp\/v2\/media?parent=1039"}],"wp:term":[{"taxonomy":"category","embeddable":true,"href":"https:\/\/www.santaritadopassaquatro.sp.gov.br\/portal\/wp-json\/wp\/v2\/categories?post=1039"},{"taxonomy":"post_tag","embeddable":true,"href":"https:\/\/www.santaritadopassaquatro.sp.gov.br\/portal\/wp-json\/wp\/v2\/tags?post=1039"}],"curies":[{"name":"wp","href":"https:\/\/api.w.org\/{rel}","templated":true}]}}