{"id":10392,"date":"2024-10-11T09:20:22","date_gmt":"2024-10-11T12:20:22","guid":{"rendered":"http:\/\/www.santaritadopassaquatro.sp.gov.br\/portal\/?p=10392"},"modified":"2024-10-11T09:20:23","modified_gmt":"2024-10-11T12:20:23","slug":"vagas-de-emprego-margirius","status":"publish","type":"post","link":"https:\/\/www.santaritadopassaquatro.sp.gov.br\/portal\/vagas-de-emprego-margirius\/","title":{"rendered":"VAGAS DE EMPREGO MARGIRIUS"},"content":{"rendered":"\n<p>ATEN\u00c7\u00c3O SANTA RITA <img decoding=\"async\" height=\"16\" width=\"16\" alt=\"\ud83d\udea8\" src=\"https:\/\/static.xx.fbcdn.net\/images\/emoji.php\/v9\/t45\/1\/16\/1f6a8.png\"><\/p>\n\n\n\n<p><img decoding=\"async\" height=\"16\" width=\"16\" alt=\"\u27a1\ufe0f\" src=\"https:\/\/static.xx.fbcdn.net\/images\/emoji.php\/v9\/t9e\/1\/16\/27a1.png\"> VAGA DE EMPREGO DA EMPRESA MARGIRIUS<\/p>\n\n\n\n<p>A Margirius de Porto Ferreira &#8211; SP est\u00e1 com oportunidade para Montador I!<\/p>\n\n\n\n<p>A <a><\/a>Empresa realizar\u00e1 as entrevistas no munic\u00edpio de Santa Rita do Passa Quatro.<\/p>\n\n\n\n<p><img decoding=\"async\" height=\"16\" width=\"16\" alt=\"\u27a1\ufe0f\" src=\"https:\/\/static.xx.fbcdn.net\/images\/emoji.php\/v9\/t9e\/1\/16\/27a1.png\"> 19\/10 (S\u00e1bado)<\/p>\n\n\n\n<p><img decoding=\"async\" height=\"16\" width=\"16\" alt=\"\u27a1\ufe0f\" src=\"https:\/\/static.xx.fbcdn.net\/images\/emoji.php\/v9\/t9e\/1\/16\/27a1.png\"> EMEF Madre Carmelita (Pra\u00e7a Prof. Lauro Costa, 61 &#8211; Jd. Cel. Victor Meirelles)<\/p>\n\n\n\n<p>Para participar, o candidato deve realizar a inscri\u00e7\u00e3o completa no formul\u00e1rio e aguardar o contato da Empresa Margirius.<\/p>\n\n\n\n<p>A Inscri\u00e7\u00e3o deve ser feita at\u00e9 o dia 13\/10\/2024 \u00e0s 17h30min pelo link: <a rel=\"noreferrer noopener\" href=\"https:\/\/l.facebook.com\/l.php?u=https%3A%2F%2Fforms.gle%2FT7uUCG8bDmYRhsrVA%3Ffbclid%3DIwZXh0bgNhZW0CMTAAAR2A0dYLk6KxZXruijdowD93mutOUiZ8Qv5IQtOqmgTU91Fosi3tL80FN-4_aem_z15239aS-cbqxie3smOtGA&amp;h=AT36HEOvSomKcllUe_CQwYXhSBWJzczkjEy7an9KHhY6mzRbZljGR7J_rVYZn8BdGBmgjKA-b2qBhPTns5W2wDqqn7kjAB1qPGOJ3j_a1sB3BAhstv3JExUd9A6cTIxvFUsw&amp;__tn__=-UK-R&amp;c[0]=AT3fbopXH87tgXDpoNVqQTDdwyskHrG9ylVD1d1-SPdURHT72sipYD8IIJw12NdkSTQVng219QtHGS85Qb3V_wTH9tZLdjwSp9UrpZfTJrFxH_k1XbILt8ucxN1x2hTn9fEDX4X2TxwiFEYFIADWhRfCtBSu0Ht5RXt9OqIuXX4UQ_7N4zj9ignL0kw2E2rNnCEj86B_LPTyxT5xTNFDVwbvz1hc\" target=\"_blank\">https:\/\/forms.gle\/T7uUCG8bDmYRhsrVA<\/a> <\/p>\n\n\n\n<p><\/p>\n\n\n\n<figure class=\"wp-block-image size-full is-resized\"><img decoding=\"async\" src=\"http:\/\/www.santaritadopassaquatro.sp.gov.br\/portal\/wp-content\/uploads\/2024\/10\/462476089_18031878335517459_1872147516453280485_n.jpg\" alt=\"\" class=\"wp-image-10393\" width=\"836\" height=\"836\" \/><figcaption class=\"wp-element-caption\">VAGAS DE EMPREGO &#8211; MARGIRIUS<\/figcaption><\/figure>\n\n\n\n<p><\/p>\n\n\n\n<figure class=\"wp-block-image size-full\"><img decoding=\"async\" width=\"1440\" height=\"1440\" src=\"http:\/\/www.santaritadopassaquatro.sp.gov.br\/portal\/wp-content\/uploads\/2024\/10\/462578626_18031878344517459_345170142539820419_n.jpg\" alt=\"\" class=\"wp-image-10394\" \/><figcaption class=\"wp-element-caption\">ENTREVISTAS<\/figcaption><\/figure>\n\n\n\n<p><\/p>\n\n\n\n<figure class=\"wp-block-image size-full\"><img decoding=\"async\" width=\"1440\" height=\"1440\" src=\"http:\/\/www.santaritadopassaquatro.sp.gov.br\/portal\/wp-content\/uploads\/2024\/10\/462442142_18031878353517459_1483207802773759802_n.jpg\" alt=\"\" class=\"wp-image-10395\" \/><figcaption class=\"wp-element-caption\">INFORMA\u00c7\u00d5ES GERAIS<\/figcaption><\/figure>\n","protected":false},"excerpt":{"rendered":"<p>ATEN\u00c7\u00c3O SANTA RITA VAGA DE EMPREGO DA EMPRESA MARGIRIUS A Margirius de Porto Ferreira &#8211; SP est\u00e1 com oportunidade para<\/p>\n","protected":false},"author":3,"featured_media":0,"comment_status":"closed","ping_status":"open","sticky":false,"template":"","format":"standard","meta":{"footnotes":""},"categories":[45,61,56],"tags":[],"class_list":["post-10392","post","type-post","status-publish","format-standard","hentry","category-comunicado","category-comunicados-importantes","category-oportunidade"],"_links":{"self":[{"href":"https:\/\/www.santaritadopassaquatro.sp.gov.br\/portal\/wp-json\/wp\/v2\/posts\/10392","targetHints":{"allow":["GET"]}}],"collection":[{"href":"https:\/\/www.santaritadopassaquatro.sp.gov.br\/portal\/wp-json\/wp\/v2\/posts"}],"about":[{"href":"https:\/\/www.santaritadopassaquatro.sp.gov.br\/portal\/wp-json\/wp\/v2\/types\/post"}],"author":[{"embeddable":true,"href":"https:\/\/www.santaritadopassaquatro.sp.gov.br\/portal\/wp-json\/wp\/v2\/users\/3"}],"replies":[{"embeddable":true,"href":"https:\/\/www.santaritadopassaquatro.sp.gov.br\/portal\/wp-json\/wp\/v2\/comments?post=10392"}],"version-history":[{"count":1,"href":"https:\/\/www.santaritadopassaquatro.sp.gov.br\/portal\/wp-json\/wp\/v2\/posts\/10392\/revisions"}],"predecessor-version":[{"id":10396,"href":"https:\/\/www.santaritadopassaquatro.sp.gov.br\/portal\/wp-json\/wp\/v2\/posts\/10392\/revisions\/10396"}],"wp:attachment":[{"href":"https:\/\/www.santaritadopassaquatro.sp.gov.br\/portal\/wp-json\/wp\/v2\/media?parent=10392"}],"wp:term":[{"taxonomy":"category","embeddable":true,"href":"https:\/\/www.santaritadopassaquatro.sp.gov.br\/portal\/wp-json\/wp\/v2\/categories?post=10392"},{"taxonomy":"post_tag","embeddable":true,"href":"https:\/\/www.santaritadopassaquatro.sp.gov.br\/portal\/wp-json\/wp\/v2\/tags?post=10392"}],"curies":[{"name":"wp","href":"https:\/\/api.w.org\/{rel}","templated":true}]}}