{"id":1042,"date":"2019-03-22T14:29:19","date_gmt":"2019-03-22T17:29:19","guid":{"rendered":"http:\/\/www.santaritadopassaquatro.sp.gov.br\/portal\/?p=1042"},"modified":"2019-03-22T14:29:19","modified_gmt":"2019-03-22T17:29:19","slug":"musica-abril-tem-blues-na-estacao-com-a-banda-vitrola-velha","status":"publish","type":"post","link":"https:\/\/www.santaritadopassaquatro.sp.gov.br\/portal\/musica-abril-tem-blues-na-estacao-com-a-banda-vitrola-velha\/","title":{"rendered":"M\u00daSICA &#8211;\u00a0Abril tem Blues na Esta\u00e7\u00e3o com a banda Vitrola Velha"},"content":{"rendered":"<p><strong><em>Promovidos pelo Departamento Municipal de Cultura e Turismo, show e exposi\u00e7\u00e3o acontecem na Pra\u00e7a Poeta M\u00e1rio Mattoso<\/em><\/strong><\/p>\n<p>&nbsp;<\/p>\n<figure id=\"attachment_1043\" aria-describedby=\"caption-attachment-1043\" style=\"width: 369px\" class=\"wp-caption alignleft\"><img decoding=\"async\" class=\"wp-image-1043\" src=\"http:\/\/www.santaritadopassaquatro.sp.gov.br\/portal\/wp-content\/uploads\/2019\/03\/fotodedivulgacao-300x200.jpg\" alt=\"\" width=\"369\" height=\"246\" srcset=\"https:\/\/www.santaritadopassaquatro.sp.gov.br\/portal\/wp-content\/uploads\/2019\/03\/fotodedivulgacao-300x200.jpg 300w, https:\/\/www.santaritadopassaquatro.sp.gov.br\/portal\/wp-content\/uploads\/2019\/03\/fotodedivulgacao-768x512.jpg 768w, https:\/\/www.santaritadopassaquatro.sp.gov.br\/portal\/wp-content\/uploads\/2019\/03\/fotodedivulgacao-1024x683.jpg 1024w\" sizes=\"(max-width: 369px) 100vw, 369px\" \/><figcaption id=\"caption-attachment-1043\" class=\"wp-caption-text\"><span style=\"font-size: 8pt; color: #999999;\"><em><strong>A banda Vitrola Velha que ser\u00e1 atra\u00e7\u00e3o do 1\u00ba Esta\u00e7\u00e3o Blues, em abril, na pra\u00e7a d Mario Mattoso (Giulia M. Octaviano\/Divulga\u00e7\u00e3o)<\/strong><\/em><\/span><\/figcaption><\/figure>\n<p>O Departamento de Cultura e Turismo da Prefeitura Municipal de Santa Rita do Passa Quatro, sempre em busca de diversificar a programa\u00e7\u00e3o cultural da cidade, ir\u00e1 promover no m\u00eas de abril o 1\u00ba Esta\u00e7\u00e3o Blues. O evento acontece no dia 20 de abril, s\u00e1bado, na Pra\u00e7a da Esta\u00e7\u00e3o, com show musical e exposi\u00e7\u00f5es, com presen\u00e7a confirmada da banda Vitrola Velha, de Porto Ferreira.<\/p>\n<p>Com repert\u00f3rio recheado de blues, rock e soul interpretado com personalidade, a Vitrola Velha \u00e9 formada por Ermmes (guitarra, viol\u00e3o e voz), Demir Draven (baixo e backing vocal), Vladimir Sobral (saxofone e flauta) e Ederson \u201cFrodo\u201d Moraes (bateria e backing vocal).<\/p>\n<p>Neste show o p\u00fablico poder\u00e1 conferir m\u00fasicas de Elvis Presley, Raul Seixas, Creedence, Buddy Guy, Albert King, Paul Rodgers, Muddy Waters, The Rolling Stones, Eric Clapton, Robert Cray, B.B. King, S\u00e9rgio Duarte e a Entidade Joe, The Beatles, Ed Motta, Lynyrd Skynyrd, Joe Cocker, Stevie Ray Vaughan, Ray Charles, Johnny Cash, Pink Floyd, Stevie Wonder, The Doors, Jimi Hendrix, Jorge Vercilo, Djavan, entre outros cl\u00e1ssicos.<\/p>\n<p>Al\u00e9m do show, a atra\u00e7\u00e3o deve contar com exposi\u00e7\u00f5es tem\u00e1ticas, que est\u00e3o sendo definidas pelo Departamento de Cultura e Turismo.<\/p>\n<p><strong><em>\u00a0<\/em><\/strong><\/p>\n<p>&nbsp;<\/p>\n<p>&nbsp;<\/p>\n","protected":false},"excerpt":{"rendered":"<p>Promovidos pelo Departamento Municipal de Cultura e Turismo, show e exposi\u00e7\u00e3o acontecem na Pra\u00e7a Poeta M\u00e1rio Mattoso &nbsp; O Departamento<\/p>\n","protected":false},"author":1,"featured_media":1043,"comment_status":"closed","ping_status":"open","sticky":false,"template":"","format":"standard","meta":{"footnotes":""},"categories":[46,48],"tags":[],"class_list":["post-1042","post","type-post","status-publish","format-standard","has-post-thumbnail","hentry","category-cultura","category-featured"],"_links":{"self":[{"href":"https:\/\/www.santaritadopassaquatro.sp.gov.br\/portal\/wp-json\/wp\/v2\/posts\/1042","targetHints":{"allow":["GET"]}}],"collection":[{"href":"https:\/\/www.santaritadopassaquatro.sp.gov.br\/portal\/wp-json\/wp\/v2\/posts"}],"about":[{"href":"https:\/\/www.santaritadopassaquatro.sp.gov.br\/portal\/wp-json\/wp\/v2\/types\/post"}],"author":[{"embeddable":true,"href":"https:\/\/www.santaritadopassaquatro.sp.gov.br\/portal\/wp-json\/wp\/v2\/users\/1"}],"replies":[{"embeddable":true,"href":"https:\/\/www.santaritadopassaquatro.sp.gov.br\/portal\/wp-json\/wp\/v2\/comments?post=1042"}],"version-history":[{"count":0,"href":"https:\/\/www.santaritadopassaquatro.sp.gov.br\/portal\/wp-json\/wp\/v2\/posts\/1042\/revisions"}],"wp:featuredmedia":[{"embeddable":true,"href":"https:\/\/www.santaritadopassaquatro.sp.gov.br\/portal\/wp-json\/wp\/v2\/media\/1043"}],"wp:attachment":[{"href":"https:\/\/www.santaritadopassaquatro.sp.gov.br\/portal\/wp-json\/wp\/v2\/media?parent=1042"}],"wp:term":[{"taxonomy":"category","embeddable":true,"href":"https:\/\/www.santaritadopassaquatro.sp.gov.br\/portal\/wp-json\/wp\/v2\/categories?post=1042"},{"taxonomy":"post_tag","embeddable":true,"href":"https:\/\/www.santaritadopassaquatro.sp.gov.br\/portal\/wp-json\/wp\/v2\/tags?post=1042"}],"curies":[{"name":"wp","href":"https:\/\/api.w.org\/{rel}","templated":true}]}}