{"id":1045,"date":"2019-03-22T14:34:28","date_gmt":"2019-03-22T17:34:28","guid":{"rendered":"http:\/\/www.santaritadopassaquatro.sp.gov.br\/portal\/?p=1045"},"modified":"2019-03-22T14:34:28","modified_gmt":"2019-03-22T17:34:28","slug":"2a-audiencia-publica-do-plano-municipal-de-turismo-promoveu-mais-um-debate","status":"publish","type":"post","link":"https:\/\/www.santaritadopassaquatro.sp.gov.br\/portal\/2a-audiencia-publica-do-plano-municipal-de-turismo-promoveu-mais-um-debate\/","title":{"rendered":"2\u00aa audi\u00eancia p\u00fablica do Plano Municipal de Turismo promoveu mais um debate"},"content":{"rendered":"<p><strong><em>Evento no Centro Cultural M\u00e1rio Covas reuniu autoridades e popula\u00e7\u00e3o para tratar dos destinos de Santa Rita no setor que mais gera emprego atualmente<\/em><\/strong><\/p>\n<p><strong><em>\u00a0<\/em><\/strong><\/p>\n<figure id=\"attachment_1046\" aria-describedby=\"caption-attachment-1046\" style=\"width: 300px\" class=\"wp-caption alignleft\"><img decoding=\"async\" class=\"wp-image-1046 size-medium\" src=\"http:\/\/www.santaritadopassaquatro.sp.gov.br\/portal\/wp-content\/uploads\/2019\/03\/2a_audeincia_publica_turismo-300x200.jpg\" alt=\"\" width=\"300\" height=\"200\" srcset=\"https:\/\/www.santaritadopassaquatro.sp.gov.br\/portal\/wp-content\/uploads\/2019\/03\/2a_audeincia_publica_turismo-300x200.jpg 300w, https:\/\/www.santaritadopassaquatro.sp.gov.br\/portal\/wp-content\/uploads\/2019\/03\/2a_audeincia_publica_turismo-768x512.jpg 768w, https:\/\/www.santaritadopassaquatro.sp.gov.br\/portal\/wp-content\/uploads\/2019\/03\/2a_audeincia_publica_turismo-1024x683.jpg 1024w\" sizes=\"(max-width: 300px) 100vw, 300px\" \/><figcaption id=\"caption-attachment-1046\" class=\"wp-caption-text\"><span style=\"font-size: 8pt; color: #999999;\"><em><strong>Os presentes na 2\u00aa Audi\u00eancia P\u00fablica do Plano Municipal de Turismo, na quinta-feira (14\/3), no Centro Cultural (AssCom\/Divulga\u00e7\u00e3o)<\/strong><\/em><\/span><\/figcaption><\/figure>\n<p>A popula\u00e7\u00e3o de Santa Rita do Passa Quatro teve mais uma oportunidade de discutir seu futuro no \u00faltimo dia 14 de mar\u00e7o, quinta-feira, quando aconteceu a 2\u00aa\u00a0 Audi\u00eancia P\u00fablica Para Revis\u00e3o do Plano Municipal de Turismo (PMT). O evento aconteceu no Centro Cultural M\u00e1rio Covas, com objetivo de debater os princ\u00edpios organizacionais, escolha de segmentos, valida\u00e7\u00e3o de an\u00e1lises, entre outros.<\/p>\n<p>O audi\u00eancia fez parte dos conjuntos de a\u00e7\u00f5es que dar\u00e3o sequ\u00eancia ao Plano Municipal de Turismo, elaborado e finalizado entre 2015 e 2016, quando o munic\u00edpio deu um importante passo para avan\u00e7ar em um dos segmentos que mais crescem no mundo: o turismo.<\/p>\n<p>Os trabalhos foram coordenados pelo diretor t\u00e9cnico Carlos Tavares, da empresa Expectativa Projetos Tur\u00edsticos, de Socorro (SP), vencedora da licita\u00e7\u00e3o para esta a\u00e7\u00e3o. Com a presen\u00e7a de membros do Comtur (Conselho Municipal de Turismo), OAB, vereadores, profissionais de diversos setores ligados ao turismo, a audi\u00eancia definiu metas a serem buscadas, os setores do turismo que ser\u00e3o abordados com prioridade, investimentos, entre outros.<\/p>\n<p>O prefeito Leandro Luciano dos Santos e a vice-prefeita Maria Rita Mondin de Oliveira acompanharam parte das atividades, juntamente com o Diretor do Departamento Municipal de Turismo, Antonio Arnaldo Reatto dos Santos.<\/p>\n<p>Durante a audi\u00eancia, Tavares apresentou dados da primeira audi\u00eancia, realizada um m\u00eas antes, atualizando as informa\u00e7\u00f5es e decis\u00f5es dos participantes. O diretor enfatizou que o setor de turismo \u00e9 um grande gerador de emprego, renda e oportunidades para os munic\u00edpios. Outro ponto importante destacado \u00e9 a necessidade de investimentos da iniciativa privada.<\/p>\n<p>O Plano Municipal de Turismo de Santa Rita foi apresentado ao p\u00fablico em abril de 2016 e deve ser revisado a cada tr\u00eas anos. O documento, que contou como aprova\u00e7\u00e3o no Legislativo Municipal, se tornando a Lei Municipal 3293, de 17 de maio de 2016.<\/p>\n<p>Atrav\u00e9s de metas a curto, m\u00e9dio e longo prazos o PMT tem como principal objetivo fomentar o desenvolvimento da atividade tur\u00edstica santa-ritense, de modo a superar as expectativas dos turistas e beneficiar a economia, a cultura e a sociedade como um todo.<\/p>\n<p>&nbsp;<\/p>\n<p>&nbsp;<\/p>\n<p>&nbsp;<\/p>\n","protected":false},"excerpt":{"rendered":"<p>Evento no Centro Cultural M\u00e1rio Covas reuniu autoridades e popula\u00e7\u00e3o para tratar dos destinos de Santa Rita no setor que<\/p>\n","protected":false},"author":1,"featured_media":1046,"comment_status":"closed","ping_status":"open","sticky":false,"template":"","format":"standard","meta":{"footnotes":""},"categories":[48,60],"tags":[],"class_list":["post-1045","post","type-post","status-publish","format-standard","has-post-thumbnail","hentry","category-featured","category-turismo"],"_links":{"self":[{"href":"https:\/\/www.santaritadopassaquatro.sp.gov.br\/portal\/wp-json\/wp\/v2\/posts\/1045","targetHints":{"allow":["GET"]}}],"collection":[{"href":"https:\/\/www.santaritadopassaquatro.sp.gov.br\/portal\/wp-json\/wp\/v2\/posts"}],"about":[{"href":"https:\/\/www.santaritadopassaquatro.sp.gov.br\/portal\/wp-json\/wp\/v2\/types\/post"}],"author":[{"embeddable":true,"href":"https:\/\/www.santaritadopassaquatro.sp.gov.br\/portal\/wp-json\/wp\/v2\/users\/1"}],"replies":[{"embeddable":true,"href":"https:\/\/www.santaritadopassaquatro.sp.gov.br\/portal\/wp-json\/wp\/v2\/comments?post=1045"}],"version-history":[{"count":0,"href":"https:\/\/www.santaritadopassaquatro.sp.gov.br\/portal\/wp-json\/wp\/v2\/posts\/1045\/revisions"}],"wp:featuredmedia":[{"embeddable":true,"href":"https:\/\/www.santaritadopassaquatro.sp.gov.br\/portal\/wp-json\/wp\/v2\/media\/1046"}],"wp:attachment":[{"href":"https:\/\/www.santaritadopassaquatro.sp.gov.br\/portal\/wp-json\/wp\/v2\/media?parent=1045"}],"wp:term":[{"taxonomy":"category","embeddable":true,"href":"https:\/\/www.santaritadopassaquatro.sp.gov.br\/portal\/wp-json\/wp\/v2\/categories?post=1045"},{"taxonomy":"post_tag","embeddable":true,"href":"https:\/\/www.santaritadopassaquatro.sp.gov.br\/portal\/wp-json\/wp\/v2\/tags?post=1045"}],"curies":[{"name":"wp","href":"https:\/\/api.w.org\/{rel}","templated":true}]}}