{"id":10451,"date":"2024-10-21T09:17:06","date_gmt":"2024-10-21T12:17:06","guid":{"rendered":"http:\/\/www.santaritadopassaquatro.sp.gov.br\/portal\/?p=10451"},"modified":"2024-10-21T09:17:50","modified_gmt":"2024-10-21T12:17:50","slug":"edital-de-atribuicao-21-10-2024","status":"publish","type":"post","link":"https:\/\/www.santaritadopassaquatro.sp.gov.br\/portal\/edital-de-atribuicao-21-10-2024\/","title":{"rendered":"EDITAL DE ATRIBUI\u00c7\u00c3O (21\/10\/2024)"},"content":{"rendered":"\n<p>O Departamento Municipal de Educa\u00e7\u00e3o de Santa Rita do Passa Quatro \u2013 SP, no uso de suas atribui\u00e7\u00f5es legais, vem comunicar as classes\/aulas constantes neste edital para atribui\u00e7\u00e3o&nbsp;<strong>que ocorrer\u00e1 no dia 23 de outubro de 2024 (quarta-feira), nas depend\u00eancias do Departamento de Educa\u00e7\u00e3o (Avenida Severino Meirelles, 1230 \u2013 Centro), \u00e0s 10h.<\/strong>&nbsp;Esse processo inclui como condi\u00e7\u00e3o para atribui\u00e7\u00e3o\/contrata\u00e7\u00e3o tempor\u00e1ria, confer\u00eancia de documenta\u00e7\u00e3o dos docentes classificados no Processo Seletivo 01\/2023.<\/p>\n\n\n\n<div data-wp-interactive=\"core\/file\" class=\"wp-block-file\"><object data-wp-bind--hidden=\"!state.hasPdfPreview\" hidden class=\"wp-block-file__embed\" data=\"https:\/\/www.santaritadopassaquatro.sp.gov.br\/portal\/wp-content\/uploads\/2024\/10\/Edital-Atribuicao-PEB-II-ARTE-E-PEI-1.pdf\" type=\"application\/pdf\" style=\"width:100%;height:600px\" aria-label=\"Incorporado de Edital-Atribuicao-PEB-II-ARTE-E-PEI-1.\"><\/object><a id=\"wp-block-file--media-2e89bf7f-8327-4f0e-b958-6b8012d4237e\" href=\"https:\/\/www.santaritadopassaquatro.sp.gov.br\/portal\/wp-content\/uploads\/2024\/10\/Edital-Atribuicao-PEB-II-ARTE-E-PEI-1.pdf\">Edital-Atribuicao-PEB-II-ARTE-E-PEI-1<\/a><a href=\"https:\/\/www.santaritadopassaquatro.sp.gov.br\/portal\/wp-content\/uploads\/2024\/10\/Edital-Atribuicao-PEB-II-ARTE-E-PEI-1.pdf\" class=\"wp-block-file__button wp-element-button\" download aria-describedby=\"wp-block-file--media-2e89bf7f-8327-4f0e-b958-6b8012d4237e\">Baixar<\/a><\/div>\n","protected":false},"excerpt":{"rendered":"<p>O Departamento Municipal de Educa\u00e7\u00e3o de Santa Rita do Passa Quatro \u2013 SP, no uso de suas atribui\u00e7\u00f5es legais, vem<\/p>\n","protected":false},"author":3,"featured_media":0,"comment_status":"closed","ping_status":"open","sticky":false,"template":"","format":"standard","meta":{"footnotes":""},"categories":[33,28,56],"tags":[],"class_list":["post-10451","post","type-post","status-publish","format-standard","hentry","category-atribuicao-de-aulas","category-educacao","category-oportunidade"],"_links":{"self":[{"href":"https:\/\/www.santaritadopassaquatro.sp.gov.br\/portal\/wp-json\/wp\/v2\/posts\/10451","targetHints":{"allow":["GET"]}}],"collection":[{"href":"https:\/\/www.santaritadopassaquatro.sp.gov.br\/portal\/wp-json\/wp\/v2\/posts"}],"about":[{"href":"https:\/\/www.santaritadopassaquatro.sp.gov.br\/portal\/wp-json\/wp\/v2\/types\/post"}],"author":[{"embeddable":true,"href":"https:\/\/www.santaritadopassaquatro.sp.gov.br\/portal\/wp-json\/wp\/v2\/users\/3"}],"replies":[{"embeddable":true,"href":"https:\/\/www.santaritadopassaquatro.sp.gov.br\/portal\/wp-json\/wp\/v2\/comments?post=10451"}],"version-history":[{"count":2,"href":"https:\/\/www.santaritadopassaquatro.sp.gov.br\/portal\/wp-json\/wp\/v2\/posts\/10451\/revisions"}],"predecessor-version":[{"id":10455,"href":"https:\/\/www.santaritadopassaquatro.sp.gov.br\/portal\/wp-json\/wp\/v2\/posts\/10451\/revisions\/10455"}],"wp:attachment":[{"href":"https:\/\/www.santaritadopassaquatro.sp.gov.br\/portal\/wp-json\/wp\/v2\/media?parent=10451"}],"wp:term":[{"taxonomy":"category","embeddable":true,"href":"https:\/\/www.santaritadopassaquatro.sp.gov.br\/portal\/wp-json\/wp\/v2\/categories?post=10451"},{"taxonomy":"post_tag","embeddable":true,"href":"https:\/\/www.santaritadopassaquatro.sp.gov.br\/portal\/wp-json\/wp\/v2\/tags?post=10451"}],"curies":[{"name":"wp","href":"https:\/\/api.w.org\/{rel}","templated":true}]}}