{"id":1048,"date":"2019-03-22T14:38:46","date_gmt":"2019-03-22T17:38:46","guid":{"rendered":"http:\/\/www.santaritadopassaquatro.sp.gov.br\/portal\/?p=1048"},"modified":"2019-03-22T14:38:46","modified_gmt":"2019-03-22T17:38:46","slug":"departamento-de-cultura-promove-mais-circo-na-praca-no-proximo-sabado","status":"publish","type":"post","link":"https:\/\/www.santaritadopassaquatro.sp.gov.br\/portal\/departamento-de-cultura-promove-mais-circo-na-praca-no-proximo-sabado\/","title":{"rendered":"Departamento de Cultura promove mais Circo na Pra\u00e7a no pr\u00f3ximo s\u00e1bado"},"content":{"rendered":"<p><strong><em>Atra\u00e7\u00e3o acontece na Pra\u00e7a Poeta M\u00e1rio Mattoso, com o espet\u00e1culo \u201cE O Palha\u00e7o O Que \u00c9?<\/em><\/strong><\/p>\n<p>&nbsp;<\/p>\n<figure id=\"attachment_990\" aria-describedby=\"caption-attachment-990\" style=\"width: 339px\" class=\"wp-caption alignleft\"><img decoding=\"async\" class=\"wp-image-990 \" src=\"http:\/\/www.santaritadopassaquatro.sp.gov.br\/portal\/wp-content\/uploads\/2019\/03\/Circo_praca_palhaco-Foto-Teia-Camargo-300x152.jpg\" alt=\"\" width=\"339\" height=\"172\" srcset=\"https:\/\/www.santaritadopassaquatro.sp.gov.br\/portal\/wp-content\/uploads\/2019\/03\/Circo_praca_palhaco-Foto-Teia-Camargo-300x152.jpg 300w, https:\/\/www.santaritadopassaquatro.sp.gov.br\/portal\/wp-content\/uploads\/2019\/03\/Circo_praca_palhaco-Foto-Teia-Camargo.jpg 710w\" sizes=\"(max-width: 339px) 100vw, 339px\" \/><figcaption id=\"caption-attachment-990\" class=\"wp-caption-text\"><span style=\"font-size: 8pt; color: #999999;\"><strong><em>O palha\u00e7o Reinaldo Facchini que apresenta o espet\u00e1culo &#8220;E O Palha\u00e7o O Que \u00c9?&#8221; em Santa Rita (Teia Camargo\/Divulga\u00e7\u00e3o)<\/em><\/strong><\/span><\/figcaption><\/figure>\n<p>Prepare-se para muitas gargalhadas! No pr\u00f3ximo s\u00e1bado (30\/3), o ator e palha\u00e7o Reinaldo Facchini se apresenta em Santa Rita do Passa Quatro em mais um \u201cCirco na Pra\u00e7a\u201d. Promovida pelo Departamento de Cultura e Turismo, da Prefeitura Municipal, a atra\u00e7\u00e3o teatral circense &#8220;E O Palha\u00e7o O Que \u00c9?&#8221;, com acontece na Pra\u00e7a Poeta M\u00e1rio Mattoso, \u00e0 partir das 19h30.<\/p>\n<p>O espet\u00e1culo \u00e9 uma comemora\u00e7\u00e3o ao \u201cDia do Teatro e do Circo\u201d \u2013 celebrado anualmente no dia 27 de mar\u00e7o. Atrav\u00e9s do jogo direto com o p\u00fablico, o palha\u00e7o Jeca procura trazer \u00e0 tona toda ludicidade e poesia que tem a alma do Palha\u00e7o, sempre pensando em levar o entretenimento e o l\u00fadico.<\/p>\n<p>Evento para a fam\u00edlia, a atra\u00e7\u00e3o \u00e9 gratuita e tem classifica\u00e7\u00e3o livre.<\/p>\n<p><strong>\u00a0<\/strong><\/p>\n<p><strong>SERVI\u00c7O<br \/>\n&#8220;E O Palha\u00e7o O Que \u00c9?&#8221; (Circo e teatro)<br \/>\nQUANDO: <\/strong>s\u00e1bado, 30 de mar\u00e7o, \u00e0s 19h30.<strong><br \/>\nONDE: <\/strong>Pra\u00e7a Poeta M\u00e1rio Mattoso<br \/>\n<strong>Classifica\u00e7\u00e3o:<\/strong> Livre.<br \/>\n<strong>EVENTO GRATUITO<\/strong><\/p>\n<p><strong><em>\u00a0<\/em><\/strong><\/p>\n<p>&nbsp;<\/p>\n<p><strong>\u00a0<\/strong><\/p>\n<p>&nbsp;<\/p>\n<p>&nbsp;<\/p>\n","protected":false},"excerpt":{"rendered":"<p>Atra\u00e7\u00e3o acontece na Pra\u00e7a Poeta M\u00e1rio Mattoso, com o espet\u00e1culo \u201cE O Palha\u00e7o O Que \u00c9? &nbsp; Prepare-se para muitas<\/p>\n","protected":false},"author":1,"featured_media":990,"comment_status":"closed","ping_status":"open","sticky":false,"template":"","format":"standard","meta":{"footnotes":""},"categories":[46,48],"tags":[],"class_list":["post-1048","post","type-post","status-publish","format-standard","has-post-thumbnail","hentry","category-cultura","category-featured"],"_links":{"self":[{"href":"https:\/\/www.santaritadopassaquatro.sp.gov.br\/portal\/wp-json\/wp\/v2\/posts\/1048","targetHints":{"allow":["GET"]}}],"collection":[{"href":"https:\/\/www.santaritadopassaquatro.sp.gov.br\/portal\/wp-json\/wp\/v2\/posts"}],"about":[{"href":"https:\/\/www.santaritadopassaquatro.sp.gov.br\/portal\/wp-json\/wp\/v2\/types\/post"}],"author":[{"embeddable":true,"href":"https:\/\/www.santaritadopassaquatro.sp.gov.br\/portal\/wp-json\/wp\/v2\/users\/1"}],"replies":[{"embeddable":true,"href":"https:\/\/www.santaritadopassaquatro.sp.gov.br\/portal\/wp-json\/wp\/v2\/comments?post=1048"}],"version-history":[{"count":0,"href":"https:\/\/www.santaritadopassaquatro.sp.gov.br\/portal\/wp-json\/wp\/v2\/posts\/1048\/revisions"}],"wp:featuredmedia":[{"embeddable":true,"href":"https:\/\/www.santaritadopassaquatro.sp.gov.br\/portal\/wp-json\/wp\/v2\/media\/990"}],"wp:attachment":[{"href":"https:\/\/www.santaritadopassaquatro.sp.gov.br\/portal\/wp-json\/wp\/v2\/media?parent=1048"}],"wp:term":[{"taxonomy":"category","embeddable":true,"href":"https:\/\/www.santaritadopassaquatro.sp.gov.br\/portal\/wp-json\/wp\/v2\/categories?post=1048"},{"taxonomy":"post_tag","embeddable":true,"href":"https:\/\/www.santaritadopassaquatro.sp.gov.br\/portal\/wp-json\/wp\/v2\/tags?post=1048"}],"curies":[{"name":"wp","href":"https:\/\/api.w.org\/{rel}","templated":true}]}}