{"id":1050,"date":"2019-03-22T14:40:32","date_gmt":"2019-03-22T17:40:32","guid":{"rendered":"http:\/\/www.santaritadopassaquatro.sp.gov.br\/portal\/?p=1050"},"modified":"2019-03-22T14:40:32","modified_gmt":"2019-03-22T17:40:32","slug":"1a-conferencia-municipal-da-saude-acontece-no-proximo-dia-5-de-abril","status":"publish","type":"post","link":"https:\/\/www.santaritadopassaquatro.sp.gov.br\/portal\/1a-conferencia-municipal-da-saude-acontece-no-proximo-dia-5-de-abril\/","title":{"rendered":"1\u00aa Confer\u00eancia Municipal da Sa\u00fade acontece no pr\u00f3ximo dia 5 de abril"},"content":{"rendered":"<p><strong><em>Evento acontece no Centro Cultural M\u00e1rio Covas e toda popula\u00e7\u00e3o est\u00e1 convidada<\/em><\/strong><\/p>\n<p>&nbsp;<\/p>\n<figure id=\"attachment_1051\" aria-describedby=\"caption-attachment-1051\" style=\"width: 300px\" class=\"wp-caption alignleft\"><img decoding=\"async\" class=\"wp-image-1051 size-medium\" src=\"http:\/\/www.santaritadopassaquatro.sp.gov.br\/portal\/wp-content\/uploads\/2019\/03\/pre-conferencia-300x225.jpeg\" alt=\"\" width=\"300\" height=\"225\" srcset=\"https:\/\/www.santaritadopassaquatro.sp.gov.br\/portal\/wp-content\/uploads\/2019\/03\/pre-conferencia-300x225.jpeg 300w, https:\/\/www.santaritadopassaquatro.sp.gov.br\/portal\/wp-content\/uploads\/2019\/03\/pre-conferencia-768x576.jpeg 768w, https:\/\/www.santaritadopassaquatro.sp.gov.br\/portal\/wp-content\/uploads\/2019\/03\/pre-conferencia-1024x768.jpeg 1024w, https:\/\/www.santaritadopassaquatro.sp.gov.br\/portal\/wp-content\/uploads\/2019\/03\/pre-conferencia.jpeg 1280w\" sizes=\"(max-width: 300px) 100vw, 300px\" \/><figcaption id=\"caption-attachment-1051\" class=\"wp-caption-text\"><span style=\"font-size: 8pt; color: #999999;\"><em><strong>Organizadores da Confer\u00eancia Municipal da Sa\u00fade durante as pr\u00e9-confer\u00eancias (AssCom\/Divulga\u00e7\u00e3o) \u00a0<\/strong><\/em><\/span><\/figcaption><\/figure>\n<p>A popula\u00e7\u00e3o de Santa Rita do Passa Quatro poder\u00e1 participar e opinar sobre um dos assuntos mais importantes da atualidade, a sa\u00fade p\u00fablica. No pr\u00f3ximo dia dia 5 de abril, sexta-feira, das 8h \u00e0s 17 horas, acontece no Centro Cultural Mario Covas a 1\u00aa Confer\u00eancia Municipal da Sa\u00fade Santa Rita do Passa Quatro.<\/p>\n<p>Promovido Conselho Municipal de Sa\u00fade, com apoio do pelo Departamento Municipal de Sa\u00fade, o evento ir\u00e1 debater o tema \u201cA consolida\u00e7\u00e3o do SUS para manuten\u00e7\u00e3o do direito a Sa\u00fade\u201d e toda popula\u00e7\u00e3o est\u00e1 convidada a participar.<\/p>\n<p>Nas semana j\u00e1 foram realizadas quatro pr\u00e9-confer\u00eancias na Santa Casa, CAIS-SR, CCI Santa Cruz da Estrela e C\u00e2mara Municipal, em prepara\u00e7\u00e3o para a Confer\u00eancia Municipal.<\/p>\n<p>As confer\u00eancias municipais acontecem em prepara\u00e7\u00e3o \u00e0 Confer\u00eancia Nacional da Sa\u00fade que acontece em Bras\u00edlia, no pr\u00f3ximo m\u00eas de agosto.<\/p>\n<p>&nbsp;<\/p>\n<blockquote><p><strong>SERVI\u00c7O<\/strong><\/p>\n<p><strong>CONFER\u00caNCIA MUNICIPAL DA SA\u00daDE<br \/>\n<\/strong><strong>Data e hor\u00e1rio:<\/strong> Dia 5 de abril de 2019, sexta-feira, \u00e0 partir das 8 horas<br \/>\n<strong>Local:<\/strong> Centro Cultural M\u00e1rio Covas<br \/>\n<strong>Aberto ao p\u00fablico.<\/strong><\/p><\/blockquote>\n<p>&nbsp;<\/p>\n<p><strong>\u00a0<\/strong><\/p>\n<p>&nbsp;<\/p>\n<p>&nbsp;<\/p>\n","protected":false},"excerpt":{"rendered":"<p>Evento acontece no Centro Cultural M\u00e1rio Covas e toda popula\u00e7\u00e3o est\u00e1 convidada &nbsp; A popula\u00e7\u00e3o de Santa Rita do Passa<\/p>\n","protected":false},"author":1,"featured_media":1051,"comment_status":"closed","ping_status":"open","sticky":false,"template":"","format":"standard","meta":{"footnotes":""},"categories":[58],"tags":[],"class_list":["post-1050","post","type-post","status-publish","format-standard","has-post-thumbnail","hentry","category-health"],"_links":{"self":[{"href":"https:\/\/www.santaritadopassaquatro.sp.gov.br\/portal\/wp-json\/wp\/v2\/posts\/1050","targetHints":{"allow":["GET"]}}],"collection":[{"href":"https:\/\/www.santaritadopassaquatro.sp.gov.br\/portal\/wp-json\/wp\/v2\/posts"}],"about":[{"href":"https:\/\/www.santaritadopassaquatro.sp.gov.br\/portal\/wp-json\/wp\/v2\/types\/post"}],"author":[{"embeddable":true,"href":"https:\/\/www.santaritadopassaquatro.sp.gov.br\/portal\/wp-json\/wp\/v2\/users\/1"}],"replies":[{"embeddable":true,"href":"https:\/\/www.santaritadopassaquatro.sp.gov.br\/portal\/wp-json\/wp\/v2\/comments?post=1050"}],"version-history":[{"count":0,"href":"https:\/\/www.santaritadopassaquatro.sp.gov.br\/portal\/wp-json\/wp\/v2\/posts\/1050\/revisions"}],"wp:featuredmedia":[{"embeddable":true,"href":"https:\/\/www.santaritadopassaquatro.sp.gov.br\/portal\/wp-json\/wp\/v2\/media\/1051"}],"wp:attachment":[{"href":"https:\/\/www.santaritadopassaquatro.sp.gov.br\/portal\/wp-json\/wp\/v2\/media?parent=1050"}],"wp:term":[{"taxonomy":"category","embeddable":true,"href":"https:\/\/www.santaritadopassaquatro.sp.gov.br\/portal\/wp-json\/wp\/v2\/categories?post=1050"},{"taxonomy":"post_tag","embeddable":true,"href":"https:\/\/www.santaritadopassaquatro.sp.gov.br\/portal\/wp-json\/wp\/v2\/tags?post=1050"}],"curies":[{"name":"wp","href":"https:\/\/api.w.org\/{rel}","templated":true}]}}