{"id":1053,"date":"2019-03-22T14:42:59","date_gmt":"2019-03-22T17:42:59","guid":{"rendered":"http:\/\/www.santaritadopassaquatro.sp.gov.br\/portal\/?p=1053"},"modified":"2019-03-22T14:42:59","modified_gmt":"2019-03-22T17:42:59","slug":"promocao-social-alerta-para-atualizacao-de-cadastro-para-criancas-que-mudaram-de-escola","status":"publish","type":"post","link":"https:\/\/www.santaritadopassaquatro.sp.gov.br\/portal\/promocao-social-alerta-para-atualizacao-de-cadastro-para-criancas-que-mudaram-de-escola\/","title":{"rendered":"Promo\u00e7\u00e3o Social alerta para atualiza\u00e7\u00e3o de cadastro para crian\u00e7as que mudaram de escola"},"content":{"rendered":"<p><strong><em>Todos devem comparecer no Departamento de Assist\u00eancia Social ou CRAS<\/em><\/strong><\/p>\n<p>&nbsp;<\/p>\n<p><img decoding=\"async\" class=\"alignnone size-medium wp-image-1054 alignleft\" src=\"http:\/\/www.santaritadopassaquatro.sp.gov.br\/portal\/wp-content\/uploads\/2019\/03\/bolsa-familia-2019-300x300.png\" alt=\"\" width=\"300\" height=\"300\" srcset=\"https:\/\/www.santaritadopassaquatro.sp.gov.br\/portal\/wp-content\/uploads\/2019\/03\/bolsa-familia-2019-300x300.png 300w, https:\/\/www.santaritadopassaquatro.sp.gov.br\/portal\/wp-content\/uploads\/2019\/03\/bolsa-familia-2019-150x150.png 150w, https:\/\/www.santaritadopassaquatro.sp.gov.br\/portal\/wp-content\/uploads\/2019\/03\/bolsa-familia-2019-768x768.png 768w, https:\/\/www.santaritadopassaquatro.sp.gov.br\/portal\/wp-content\/uploads\/2019\/03\/bolsa-familia-2019.png 800w\" sizes=\"(max-width: 300px) 100vw, 300px\" \/>O Departamento Municipal de Assist\u00eancia e Desenvolvimento Social de Santa Rita do Passa Quatro alerta aos benefici\u00e1rios do Bolsa Fam\u00edlia com crian\u00e7as que mudaram de col\u00e9gio este ano, a fam\u00edlia deve informar na nova escola, que participa do Programa Bolsa Fam\u00edlia e posteriormente comparecer ao CRAS ou ao Departamento de Assist\u00eancia e Desenvolvimento Social para atualizar os dados no Cadastro \u00danico. Hor\u00e1rio das 8h \u00e0s 10h30 e das 13h \u00e0s 16h30.<\/p>\n<p>O CRAS \u00a0fica na Avenida Jose Ribeiro de Oliveira, 3231, Jardim Boa Vista, e o Departamento de Assist\u00eancia e Desenvolvimento Social, na Avenida Severino Meirelles 1761, Centro.<\/p>\n<p>Sem a informa\u00e7\u00e3o de onde o aluno est\u00e1 matriculado, o governo federal n\u00e3o consegue fazer o acompanhamento escolar e a fam\u00edlia pode ter o benef\u00edcio bloqueado. A frequ\u00eancia escolar mensal deve ser de, no m\u00ednimo, 85% para estudantes de 6 a 15 anos e de 75% para adolescentes a partir de 16 anos que recebam o Benef\u00edcio Vari\u00e1vel Vinculado ao Adolescente (BVJ).<\/p>\n<p>&nbsp;<\/p>\n","protected":false},"excerpt":{"rendered":"<p>Todos devem comparecer no Departamento de Assist\u00eancia Social ou CRAS &nbsp; O Departamento Municipal de Assist\u00eancia e Desenvolvimento Social de<\/p>\n","protected":false},"author":1,"featured_media":1054,"comment_status":"closed","ping_status":"open","sticky":false,"template":"","format":"standard","meta":{"footnotes":""},"categories":[43],"tags":[],"class_list":["post-1053","post","type-post","status-publish","format-standard","has-post-thumbnail","hentry","category-assistenciasocial"],"_links":{"self":[{"href":"https:\/\/www.santaritadopassaquatro.sp.gov.br\/portal\/wp-json\/wp\/v2\/posts\/1053","targetHints":{"allow":["GET"]}}],"collection":[{"href":"https:\/\/www.santaritadopassaquatro.sp.gov.br\/portal\/wp-json\/wp\/v2\/posts"}],"about":[{"href":"https:\/\/www.santaritadopassaquatro.sp.gov.br\/portal\/wp-json\/wp\/v2\/types\/post"}],"author":[{"embeddable":true,"href":"https:\/\/www.santaritadopassaquatro.sp.gov.br\/portal\/wp-json\/wp\/v2\/users\/1"}],"replies":[{"embeddable":true,"href":"https:\/\/www.santaritadopassaquatro.sp.gov.br\/portal\/wp-json\/wp\/v2\/comments?post=1053"}],"version-history":[{"count":0,"href":"https:\/\/www.santaritadopassaquatro.sp.gov.br\/portal\/wp-json\/wp\/v2\/posts\/1053\/revisions"}],"wp:featuredmedia":[{"embeddable":true,"href":"https:\/\/www.santaritadopassaquatro.sp.gov.br\/portal\/wp-json\/wp\/v2\/media\/1054"}],"wp:attachment":[{"href":"https:\/\/www.santaritadopassaquatro.sp.gov.br\/portal\/wp-json\/wp\/v2\/media?parent=1053"}],"wp:term":[{"taxonomy":"category","embeddable":true,"href":"https:\/\/www.santaritadopassaquatro.sp.gov.br\/portal\/wp-json\/wp\/v2\/categories?post=1053"},{"taxonomy":"post_tag","embeddable":true,"href":"https:\/\/www.santaritadopassaquatro.sp.gov.br\/portal\/wp-json\/wp\/v2\/tags?post=1053"}],"curies":[{"name":"wp","href":"https:\/\/api.w.org\/{rel}","templated":true}]}}