{"id":1056,"date":"2019-03-22T14:45:10","date_gmt":"2019-03-22T17:45:10","guid":{"rendered":"http:\/\/www.santaritadopassaquatro.sp.gov.br\/portal\/?p=1056"},"modified":"2019-03-22T14:45:10","modified_gmt":"2019-03-22T17:45:10","slug":"promocao-social-divulga-lista-de-beneficiarios-bpc-que-precisam-se-recadastrar","status":"publish","type":"post","link":"https:\/\/www.santaritadopassaquatro.sp.gov.br\/portal\/promocao-social-divulga-lista-de-beneficiarios-bpc-que-precisam-se-recadastrar\/","title":{"rendered":"Promo\u00e7\u00e3o Social divulga lista de benefici\u00e1rios BPC que precisam se recadastrar"},"content":{"rendered":"<p><strong><em>Todos devem comparecer no Departamento de Assist\u00eancia Social ou CRAS<\/em><\/strong><\/p>\n<p>&nbsp;<\/p>\n<p><img decoding=\"async\" class=\"alignnone size-medium wp-image-1057 alignleft\" src=\"http:\/\/www.santaritadopassaquatro.sp.gov.br\/portal\/wp-content\/uploads\/2019\/03\/bpc-300x166.jpg\" alt=\"\" width=\"300\" height=\"166\" srcset=\"https:\/\/www.santaritadopassaquatro.sp.gov.br\/portal\/wp-content\/uploads\/2019\/03\/bpc-300x166.jpg 300w, https:\/\/www.santaritadopassaquatro.sp.gov.br\/portal\/wp-content\/uploads\/2019\/03\/bpc.jpg 302w\" sizes=\"(max-width: 300px) 100vw, 300px\" \/>O Departamento Municipal de Assist\u00eancia e Desenvolvimento Social de Santa Rita do Passa Quatro e est\u00e1 divulgado a lista de benefici\u00e1rios do BPC que devem estar cadastradas do Cadastro \u00danico, conforme o decreto n\u00ba. 8805 de 07\/07\/2016. As fam\u00edlias cujo membro familiar recebe o BPC idoso ou deficiente e n\u00e3o realizar o cadastramento resultar\u00e1 na suspens\u00e3o.<\/p>\n<p>A solicita\u00e7\u00e3o \u00e9 de que as pessoas abaixo ou seus respons\u00e1veis ou representantes legais, que compare\u00e7am com urg\u00eancia ao Cras, situado na Avenida Jose Ribeiro de Oliveira n\u00ba 3231, Jardim Boa Vista, ou ao Departamento de Assist\u00eancia e Desenvolvimento Social, situado na Avenida Severino Meirelles n\u00ba 1761, Centro, no hor\u00e1rio das 8h \u00e0s 10h30 e das 13h as 16h30.<\/p>\n<p>&nbsp;<\/p>\n<p><strong>CONFIRA OS NOMES<\/strong><\/p>\n<p>Alice Rodrigues Ribeiro, Wanderlei Vitoriano, Alcides H\u00e9lio Carnielli, Cesar Augusto Marcelino, Esmenia Antunes de Jesus, Crigor Iago Modesto, Maria Antonia Danelucci Marques, Victor Jorge Monteiro Neto, Dorival Davia, Joao Victor Rodrigues Villa Bella, Sebastiao Bento Francisco, Helena Mioto Souto da Silva, Luiz Fernando Rodrigues, Deocina Maria da Concei\u00e7\u00e3o, Lucas Daniel Lourenco, Jos\u00e9 Roberto, Ezequiel Sachi Bevilacqua, Jose dos Anjos de Souza, Victor Gabriel Romano, Ivan Velloso Pontes, Neusa Alves dos Santos, Reinaldo Muniz de Oliveira, Maiza Lara Rodrigues dos S. de Oliveira, Carlos Eduardo Caetano Carvalho, Lucas Gabriel dos Santos Scordamaia, Pedro Donizetti Viana Diniz, Luiz Marcelino, Nair Apparecida Franco Sciud, Jacyr Caressato da Silva, Sebastiao Minato, Alessandra Costa da Silva, Antonio Carlos Pereira, Roque Alves, Ana Claudia Borges, Eduardo Jose Cavalcante, Sidney Borrer, Vera Lucia Apolinari Justimiano, Maria Assumpta Catai, Benedita da Silva, Jose Domiciano Rosa, Anita Lima Borges, Pedro Tangione, Marilena da Silva Schiavi, Mathilde Datrino Moraes, Nilton Antonio Beltrame, Joana Bom Vicini Santanna dos Santos, Lucia Bazi Fiocco, Maria De Lourdes Garcia Delsin, Maria Aparecida da Silva, Cecilia Denardi, Marivaldo Barbarelli, Joel Santos da Silva, Adalgiiza Ana de Melo, Joao Pedro De Jesus Costa e Maria Antonia de Paula Silva.<\/p>\n","protected":false},"excerpt":{"rendered":"<p>Todos devem comparecer no Departamento de Assist\u00eancia Social ou CRAS &nbsp; O Departamento Municipal de Assist\u00eancia e Desenvolvimento Social de<\/p>\n","protected":false},"author":1,"featured_media":1057,"comment_status":"closed","ping_status":"open","sticky":false,"template":"","format":"standard","meta":{"footnotes":""},"categories":[43],"tags":[],"class_list":["post-1056","post","type-post","status-publish","format-standard","has-post-thumbnail","hentry","category-assistenciasocial"],"_links":{"self":[{"href":"https:\/\/www.santaritadopassaquatro.sp.gov.br\/portal\/wp-json\/wp\/v2\/posts\/1056","targetHints":{"allow":["GET"]}}],"collection":[{"href":"https:\/\/www.santaritadopassaquatro.sp.gov.br\/portal\/wp-json\/wp\/v2\/posts"}],"about":[{"href":"https:\/\/www.santaritadopassaquatro.sp.gov.br\/portal\/wp-json\/wp\/v2\/types\/post"}],"author":[{"embeddable":true,"href":"https:\/\/www.santaritadopassaquatro.sp.gov.br\/portal\/wp-json\/wp\/v2\/users\/1"}],"replies":[{"embeddable":true,"href":"https:\/\/www.santaritadopassaquatro.sp.gov.br\/portal\/wp-json\/wp\/v2\/comments?post=1056"}],"version-history":[{"count":0,"href":"https:\/\/www.santaritadopassaquatro.sp.gov.br\/portal\/wp-json\/wp\/v2\/posts\/1056\/revisions"}],"wp:featuredmedia":[{"embeddable":true,"href":"https:\/\/www.santaritadopassaquatro.sp.gov.br\/portal\/wp-json\/wp\/v2\/media\/1057"}],"wp:attachment":[{"href":"https:\/\/www.santaritadopassaquatro.sp.gov.br\/portal\/wp-json\/wp\/v2\/media?parent=1056"}],"wp:term":[{"taxonomy":"category","embeddable":true,"href":"https:\/\/www.santaritadopassaquatro.sp.gov.br\/portal\/wp-json\/wp\/v2\/categories?post=1056"},{"taxonomy":"post_tag","embeddable":true,"href":"https:\/\/www.santaritadopassaquatro.sp.gov.br\/portal\/wp-json\/wp\/v2\/tags?post=1056"}],"curies":[{"name":"wp","href":"https:\/\/api.w.org\/{rel}","templated":true}]}}