{"id":1065,"date":"2019-03-22T14:55:20","date_gmt":"2019-03-22T17:55:20","guid":{"rendered":"http:\/\/www.santaritadopassaquatro.sp.gov.br\/portal\/?p=1065"},"modified":"2019-03-22T14:55:20","modified_gmt":"2019-03-22T17:55:20","slug":"santa-rita-recebe-mais-de-400-atletas-no-3o-torneio-atletismo-paulista","status":"publish","type":"post","link":"https:\/\/www.santaritadopassaquatro.sp.gov.br\/portal\/santa-rita-recebe-mais-de-400-atletas-no-3o-torneio-atletismo-paulista\/","title":{"rendered":"Santa Rita recebe mais de 400 atletas no 3\u00ba Torneio Atletismo Paulista"},"content":{"rendered":"<p><strong><em>Promovida pela Confedera\u00e7\u00e3o Brasileira e Federa\u00e7\u00e3o Paulista de Atletismo, com Departamento de Esportes, competi\u00e7\u00e3o aconteceu no Centro Ol\u00edmpico<\/em><\/strong><\/p>\n<p>&nbsp;<\/p>\n<figure id=\"attachment_1066\" aria-describedby=\"caption-attachment-1066\" style=\"width: 347px\" class=\"wp-caption alignleft\"><img decoding=\"async\" class=\"wp-image-1066\" src=\"http:\/\/www.santaritadopassaquatro.sp.gov.br\/portal\/wp-content\/uploads\/2019\/03\/Torneio_Atletismo_01-300x200.jpg\" alt=\"\" width=\"347\" height=\"241\" srcset=\"https:\/\/www.santaritadopassaquatro.sp.gov.br\/portal\/wp-content\/uploads\/2019\/03\/Torneio_Atletismo_01-392x272.jpg 392w, https:\/\/www.santaritadopassaquatro.sp.gov.br\/portal\/wp-content\/uploads\/2019\/03\/Torneio_Atletismo_01-130x90.jpg 130w\" sizes=\"(max-width: 347px) 100vw, 347px\" \/><figcaption id=\"caption-attachment-1066\" class=\"wp-caption-text\"><span style=\"font-size: 8pt; color: #999999;\"><em><strong>Prefeito, com presidente da CBA e FPA e diretores do SESI na abertura do 3\u00ba Torneio Atletismo Paulista (AssCom\/Divulga\u00e7\u00e3o)<\/strong><\/em><\/span><\/figcaption><\/figure>\n<p>Santa Rita do Passa Quatro recebeu mais de 400 atletas de 23 cidades, no \u00faltimo s\u00e1bado (16\/3), mais um evento esportivo no Centro Ol\u00edmpico. O 3\u00ba Torneio Atletismo Paulista foi promovida pela Confedera\u00e7\u00e3o Brasileira (CBA) e Federa\u00e7\u00e3o Paulista de Atletismo (FPA), em parcerias com Departamento de Esportes, SESI-SP e Instituto Edson Luciano Ribeiro.<\/p>\n<p>As atividades come\u00e7aram logo pela manh\u00e3, com congresso t\u00e9cnico e as primeiras competi\u00e7\u00f5es, al\u00e9m da solenidade de abertura, com as presen\u00e7as do medalhista ol\u00edmpico Edson Luciano Ribeiro (Sidney e Atlanta), os presidentes da Confedera\u00e7\u00e3o Brasileira, Warlindo Carneiro, e da Federa\u00e7\u00e3o Paulista, Joel Oliveira, al\u00e9m do diretor do Centro de Atividades do Sesi, Alexandre Minghin.<\/p>\n<figure id=\"attachment_1067\" aria-describedby=\"caption-attachment-1067\" style=\"width: 300px\" class=\"wp-caption alignright\"><img decoding=\"async\" class=\"wp-image-1067 size-medium\" src=\"http:\/\/www.santaritadopassaquatro.sp.gov.br\/portal\/wp-content\/uploads\/2019\/03\/Torneio_Atletismo_02-300x200.jpg\" alt=\"\" width=\"300\" height=\"200\" srcset=\"https:\/\/www.santaritadopassaquatro.sp.gov.br\/portal\/wp-content\/uploads\/2019\/03\/Torneio_Atletismo_02-300x200.jpg 300w, https:\/\/www.santaritadopassaquatro.sp.gov.br\/portal\/wp-content\/uploads\/2019\/03\/Torneio_Atletismo_02-768x512.jpg 768w, https:\/\/www.santaritadopassaquatro.sp.gov.br\/portal\/wp-content\/uploads\/2019\/03\/Torneio_Atletismo_02-1024x683.jpg 1024w\" sizes=\"(max-width: 300px) 100vw, 300px\" \/><figcaption id=\"caption-attachment-1067\" class=\"wp-caption-text\"><span style=\"font-size: 8pt; color: #999999;\"><em><strong>Prefeito discursando durante a solenidade no Centro Ol\u00edmpico, no \u00faltimo s\u00e1bado (AssCom\/Divulga\u00e7\u00e3o)<\/strong><\/em><\/span><\/figcaption><\/figure>\n<p>Durante todo o dia, atletas federados disputaram provas de atletismo com homologa\u00e7\u00e3o de resultados para fins de obten\u00e7\u00e3o de \u00edndices para participa\u00e7\u00e3o em competi\u00e7\u00f5es no Brasil e no exterior.<\/p>\n<p>Foram disputas provas como corridas de 60, 75, 100, 1000 e 5000 metros rasos; 80, 100, 110 e 400 metros com barreiras; salto triplo, salto em dist\u00e2ncia, salto em altura; arremesso do peso, lan\u00e7amento do disco, lan\u00e7amento do dardo e lan\u00e7amento do martelo, nas categorias masculino e feminino.<\/p>\n<p>\u201cGra\u00e7as \u00e0s parceiras, estamos tornando Santa Rita um centro regional para forma\u00e7\u00e3o de atletas. Quem sabe daqui, em breve, sair\u00e1 mais um medalhista ol\u00edmpico que trar\u00e1 orgulho para a na\u00e7\u00e3o\u201d, disse o prefeito.<\/p>\n<figure id=\"attachment_1069\" aria-describedby=\"caption-attachment-1069\" style=\"width: 300px\" class=\"wp-caption alignleft\"><img decoding=\"async\" class=\"wp-image-1069 size-medium\" src=\"http:\/\/www.santaritadopassaquatro.sp.gov.br\/portal\/wp-content\/uploads\/2019\/03\/Torneio_Atletismo_04-300x200.jpg\" alt=\"\" width=\"300\" height=\"200\" srcset=\"https:\/\/www.santaritadopassaquatro.sp.gov.br\/portal\/wp-content\/uploads\/2019\/03\/Torneio_Atletismo_04-300x200.jpg 300w, https:\/\/www.santaritadopassaquatro.sp.gov.br\/portal\/wp-content\/uploads\/2019\/03\/Torneio_Atletismo_04-768x512.jpg 768w, https:\/\/www.santaritadopassaquatro.sp.gov.br\/portal\/wp-content\/uploads\/2019\/03\/Torneio_Atletismo_04-1024x683.jpg 1024w\" sizes=\"(max-width: 300px) 100vw, 300px\" \/><figcaption id=\"caption-attachment-1069\" class=\"wp-caption-text\"><span style=\"font-size: 8pt; color: #999999;\"><em><strong>Atletas disputa prova durante a competi\u00e7\u00e3o no Centro Ol\u00edmpico, (AssCom\/Divulga\u00e7\u00e3o) <\/strong><\/em><\/span> \u00a0<\/figcaption><\/figure>\n<p>O Centro Ol\u00edmpico est\u00e1 cada vez mais se consolidando como um importante celeiro na forma\u00e7\u00e3o de atletas de alto desempenho. Este \u00e9 o segundo grande evento do ano no Centro Ol\u00edmpico. Em janeiro o munic\u00edpio recebeu o 1\u00ba Camping de Atletismo Para Capacita\u00e7\u00e3o T\u00e9cnica e Treinamento, com a presen\u00e7a dos ex-atletas Edson Luciano Ribeiro (medalhista ol\u00edmpico em Atlanta e Sidney), Rosemar Maria Coelho (medalhista ol\u00edmpica em Pequin), com cerca de 80 atletas. Na \u00e9poca tamb\u00e9m foi assinado um conv\u00eanio para implanta\u00e7\u00e3o no munic\u00edpio do Programa SESI-SP Atleta do Futuro, oferecido gratuitamente para crian\u00e7as e jovens de 6 a 17 anos.<\/p>\n<p><strong>\u00a0<\/strong><\/p>\n<p>&nbsp;<\/p>\n<p>&nbsp;<\/p>\n<p><strong>\u00a0<\/strong><\/p>\n","protected":false},"excerpt":{"rendered":"<p>Promovida pela Confedera\u00e7\u00e3o Brasileira e Federa\u00e7\u00e3o Paulista de Atletismo, com Departamento de Esportes, competi\u00e7\u00e3o aconteceu no Centro Ol\u00edmpico &nbsp; Santa<\/p>\n","protected":false},"author":1,"featured_media":1069,"comment_status":"closed","ping_status":"open","sticky":false,"template":"","format":"standard","meta":{"footnotes":""},"categories":[51,52,60],"tags":[],"class_list":["post-1065","post","type-post","status-publish","format-standard","has-post-thumbnail","hentry","category-sports","category-latest","category-turismo"],"_links":{"self":[{"href":"https:\/\/www.santaritadopassaquatro.sp.gov.br\/portal\/wp-json\/wp\/v2\/posts\/1065","targetHints":{"allow":["GET"]}}],"collection":[{"href":"https:\/\/www.santaritadopassaquatro.sp.gov.br\/portal\/wp-json\/wp\/v2\/posts"}],"about":[{"href":"https:\/\/www.santaritadopassaquatro.sp.gov.br\/portal\/wp-json\/wp\/v2\/types\/post"}],"author":[{"embeddable":true,"href":"https:\/\/www.santaritadopassaquatro.sp.gov.br\/portal\/wp-json\/wp\/v2\/users\/1"}],"replies":[{"embeddable":true,"href":"https:\/\/www.santaritadopassaquatro.sp.gov.br\/portal\/wp-json\/wp\/v2\/comments?post=1065"}],"version-history":[{"count":0,"href":"https:\/\/www.santaritadopassaquatro.sp.gov.br\/portal\/wp-json\/wp\/v2\/posts\/1065\/revisions"}],"wp:featuredmedia":[{"embeddable":true,"href":"https:\/\/www.santaritadopassaquatro.sp.gov.br\/portal\/wp-json\/wp\/v2\/media\/1069"}],"wp:attachment":[{"href":"https:\/\/www.santaritadopassaquatro.sp.gov.br\/portal\/wp-json\/wp\/v2\/media?parent=1065"}],"wp:term":[{"taxonomy":"category","embeddable":true,"href":"https:\/\/www.santaritadopassaquatro.sp.gov.br\/portal\/wp-json\/wp\/v2\/categories?post=1065"},{"taxonomy":"post_tag","embeddable":true,"href":"https:\/\/www.santaritadopassaquatro.sp.gov.br\/portal\/wp-json\/wp\/v2\/tags?post=1065"}],"curies":[{"name":"wp","href":"https:\/\/api.w.org\/{rel}","templated":true}]}}