{"id":10696,"date":"2025-01-01T16:47:19","date_gmt":"2025-01-01T19:47:19","guid":{"rendered":"http:\/\/www.santaritadopassaquatro.sp.gov.br\/portal\/?p=10696"},"modified":"2025-01-07T16:54:39","modified_gmt":"2025-01-07T19:54:39","slug":"solenidade-de-posse","status":"publish","type":"post","link":"https:\/\/www.santaritadopassaquatro.sp.gov.br\/portal\/solenidade-de-posse\/","title":{"rendered":"Solenidade de Posse"},"content":{"rendered":"\n<p>Na manh\u00e3 desta quarta-feira, 1\u00ba de janeiro de 2025, o Plen\u00e1rio Jornalista Patricia Zamprogno, no Pal\u00e1cio Prof. Oscar de Oliveira Alves, sede da C\u00e2mara Municipal de Santa Rita do Passa Quatro, foi palco da Sess\u00e3o Solene de Posse do Prefeito Marcelo Sim\u00e3o, da Vice-Prefeita Ariana Jamus Pupo e dos vereadores eleitos para o mandato de 2025 a 2028: Amadeu Louren\u00e7o, Everton Silva, F\u00e1bio Gusman, Fernando Borges, Fl\u00e1vio Peron, Gilberto Bentlin Junior &#8211; Verdun, Kleber Borotto, Renata Barioni e Vanderlei Kill.<br>A Sess\u00e3o foi presidida pelo Vereador Gilberto Bentlin Junior &#8211; Verdun, e representou um marco no fortalecimento da democracia e no compromisso com o progresso do munic\u00edpio. Agradecemos a presen\u00e7a das autoridades municipais que prestigiaram este marcante momento.<br>Nossa Cidade Poema refor\u00e7a sua confian\u00e7a nos representantes empossados e destaca a import\u00e2ncia do di\u00e1logo constante e respeitoso entre os poderes para promover uma gest\u00e3o pautada na harmonia, na transpar\u00eancia e no bem-estar da popula\u00e7\u00e3o.<br>Estamos unidos pelo desenvolvimento sustent\u00e1vel e por uma Santa Rita cada vez mais forte, acolhedora e pr\u00f3spera para todos. <\/p>\n\n\n\n<p><a href=\"https:\/\/www.facebook.com\/media\/set\/?vanity=prefeiturasrp4&amp;set=a.1141947117940355\">https:\/\/www.facebook.com\/media\/set\/?vanity=prefeiturasrp4&amp;set=a.1141947117940355<\/a><\/p>\n\n\n\n<p><\/p>\n\n\n\n<figure class=\"wp-block-image size-full\"><img decoding=\"async\" width=\"1600\" height=\"1600\" src=\"http:\/\/www.santaritadopassaquatro.sp.gov.br\/portal\/wp-content\/uploads\/2025\/01\/WhatsApp-Image-2025-01-07-at-09.52.35-1.jpeg\" alt=\"\" class=\"wp-image-10697\"\/><\/figure>\n\n\n\n<figure class=\"wp-block-gallery has-nested-images columns-default is-cropped wp-block-gallery-1 is-layout-flex wp-block-gallery-is-layout-flex\">\n<figure class=\"wp-block-image size-large\"><img decoding=\"async\" width=\"1600\" height=\"1600\" data-id=\"10699\" src=\"http:\/\/www.santaritadopassaquatro.sp.gov.br\/portal\/wp-content\/uploads\/2025\/01\/WhatsApp-Image-2025-01-07-at-09.52.35-1-1.jpeg\" alt=\"\" class=\"wp-image-10699\"\/><\/figure>\n\n\n\n<figure class=\"wp-block-image size-large\"><img decoding=\"async\" width=\"1600\" height=\"1600\" data-id=\"10698\" src=\"http:\/\/www.santaritadopassaquatro.sp.gov.br\/portal\/wp-content\/uploads\/2025\/01\/WhatsApp-Image-2025-01-07-at-09.52.35-2.jpeg\" alt=\"\" class=\"wp-image-10698\"\/><\/figure>\n\n\n\n<figure class=\"wp-block-image size-large\"><img decoding=\"async\" width=\"1600\" height=\"1600\" data-id=\"10701\" src=\"http:\/\/www.santaritadopassaquatro.sp.gov.br\/portal\/wp-content\/uploads\/2025\/01\/WhatsApp-Image-2025-01-07-at-09.52.35-3.jpeg\" alt=\"\" class=\"wp-image-10701\"\/><\/figure>\n\n\n\n<figure class=\"wp-block-image size-large\"><img decoding=\"async\" width=\"1600\" height=\"1600\" data-id=\"10702\" src=\"http:\/\/www.santaritadopassaquatro.sp.gov.br\/portal\/wp-content\/uploads\/2025\/01\/WhatsApp-Image-2025-01-07-at-09.52.35-4.jpeg\" alt=\"\" class=\"wp-image-10702\"\/><\/figure>\n\n\n\n<figure class=\"wp-block-image size-large\"><img decoding=\"async\" width=\"1600\" height=\"1600\" data-id=\"10700\" src=\"http:\/\/www.santaritadopassaquatro.sp.gov.br\/portal\/wp-content\/uploads\/2025\/01\/WhatsApp-Image-2025-01-07-at-09.52.35.jpeg\" alt=\"\" class=\"wp-image-10700\"\/><\/figure>\n\n\n\n<figure class=\"wp-block-image size-large\"><img decoding=\"async\" width=\"1600\" height=\"1600\" data-id=\"10703\" src=\"http:\/\/www.santaritadopassaquatro.sp.gov.br\/portal\/wp-content\/uploads\/2025\/01\/WhatsApp-Image-2025-01-07-at-09.52.36-1.jpeg\" alt=\"\" class=\"wp-image-10703\"\/><\/figure>\n\n\n\n<figure class=\"wp-block-image size-large\"><img decoding=\"async\" width=\"1600\" height=\"1600\" data-id=\"10705\" src=\"http:\/\/www.santaritadopassaquatro.sp.gov.br\/portal\/wp-content\/uploads\/2025\/01\/WhatsApp-Image-2025-01-07-at-09.52.36-2.jpeg\" alt=\"\" class=\"wp-image-10705\"\/><\/figure>\n\n\n\n<figure class=\"wp-block-image size-large\"><img decoding=\"async\" width=\"1600\" height=\"1600\" data-id=\"10704\" src=\"http:\/\/www.santaritadopassaquatro.sp.gov.br\/portal\/wp-content\/uploads\/2025\/01\/WhatsApp-Image-2025-01-07-at-09.52.36.jpeg\" alt=\"\" class=\"wp-image-10704\"\/><\/figure>\n<\/figure>\n","protected":false},"excerpt":{"rendered":"<p>Na manh\u00e3 desta quarta-feira, 1\u00ba de janeiro de 2025, o Plen\u00e1rio Jornalista Patricia Zamprogno, no Pal\u00e1cio Prof. Oscar de Oliveira<\/p>\n","protected":false},"author":1,"featured_media":0,"comment_status":"closed","ping_status":"open","sticky":false,"template":"","format":"standard","meta":{"footnotes":""},"categories":[48],"tags":[],"class_list":["post-10696","post","type-post","status-publish","format-standard","hentry","category-featured"],"_links":{"self":[{"href":"https:\/\/www.santaritadopassaquatro.sp.gov.br\/portal\/wp-json\/wp\/v2\/posts\/10696","targetHints":{"allow":["GET"]}}],"collection":[{"href":"https:\/\/www.santaritadopassaquatro.sp.gov.br\/portal\/wp-json\/wp\/v2\/posts"}],"about":[{"href":"https:\/\/www.santaritadopassaquatro.sp.gov.br\/portal\/wp-json\/wp\/v2\/types\/post"}],"author":[{"embeddable":true,"href":"https:\/\/www.santaritadopassaquatro.sp.gov.br\/portal\/wp-json\/wp\/v2\/users\/1"}],"replies":[{"embeddable":true,"href":"https:\/\/www.santaritadopassaquatro.sp.gov.br\/portal\/wp-json\/wp\/v2\/comments?post=10696"}],"version-history":[{"count":2,"href":"https:\/\/www.santaritadopassaquatro.sp.gov.br\/portal\/wp-json\/wp\/v2\/posts\/10696\/revisions"}],"predecessor-version":[{"id":10708,"href":"https:\/\/www.santaritadopassaquatro.sp.gov.br\/portal\/wp-json\/wp\/v2\/posts\/10696\/revisions\/10708"}],"wp:attachment":[{"href":"https:\/\/www.santaritadopassaquatro.sp.gov.br\/portal\/wp-json\/wp\/v2\/media?parent=10696"}],"wp:term":[{"taxonomy":"category","embeddable":true,"href":"https:\/\/www.santaritadopassaquatro.sp.gov.br\/portal\/wp-json\/wp\/v2\/categories?post=10696"},{"taxonomy":"post_tag","embeddable":true,"href":"https:\/\/www.santaritadopassaquatro.sp.gov.br\/portal\/wp-json\/wp\/v2\/tags?post=10696"}],"curies":[{"name":"wp","href":"https:\/\/api.w.org\/{rel}","templated":true}]}}