{"id":10709,"date":"2025-01-06T16:54:56","date_gmt":"2025-01-06T19:54:56","guid":{"rendered":"http:\/\/www.santaritadopassaquatro.sp.gov.br\/portal\/?p=10709"},"modified":"2025-01-07T16:56:34","modified_gmt":"2025-01-07T19:56:34","slug":"reuniao-de-gabinete-do-novo-mandato-2025-2028","status":"publish","type":"post","link":"https:\/\/www.santaritadopassaquatro.sp.gov.br\/portal\/reuniao-de-gabinete-do-novo-mandato-2025-2028\/","title":{"rendered":"Reuni\u00e3o de Gabinete do novo mandato (2025-2028)"},"content":{"rendered":"\n<p>Na \u00faltima sexta-feira (03), o Prefeito Marcelo Sim\u00e3o e a Vice-Prefeita Ariana Jamus conduziram a primeira Reuni\u00e3o de Gabinete do novo mandato (2025-2028). Um encontro de boas-vindas e alinhamento com a equipe para os desafios e conquistas que est\u00e3o por vir! <\/p>\n\n\n\n<figure class=\"wp-block-gallery has-nested-images columns-default is-cropped wp-block-gallery-1 is-layout-flex wp-block-gallery-is-layout-flex\">\n<figure class=\"wp-block-image size-large\"><img decoding=\"async\" width=\"1600\" height=\"1600\" data-id=\"10712\" src=\"http:\/\/www.santaritadopassaquatro.sp.gov.br\/portal\/wp-content\/uploads\/2025\/01\/WhatsApp-Image-2025-01-07-at-09.55.29-1.jpeg\" alt=\"\" class=\"wp-image-10712\"\/><\/figure>\n\n\n\n<figure class=\"wp-block-image size-large\"><img decoding=\"async\" width=\"1600\" height=\"1600\" data-id=\"10714\" src=\"http:\/\/www.santaritadopassaquatro.sp.gov.br\/portal\/wp-content\/uploads\/2025\/01\/WhatsApp-Image-2025-01-07-at-09.55.29.jpeg\" alt=\"\" class=\"wp-image-10714\"\/><\/figure>\n\n\n\n<figure class=\"wp-block-image size-large\"><img decoding=\"async\" width=\"1600\" height=\"1600\" data-id=\"10710\" src=\"http:\/\/www.santaritadopassaquatro.sp.gov.br\/portal\/wp-content\/uploads\/2025\/01\/WhatsApp-Image-2025-01-07-at-09.55.30-1.jpeg\" alt=\"\" class=\"wp-image-10710\"\/><\/figure>\n\n\n\n<figure class=\"wp-block-image size-large\"><img decoding=\"async\" width=\"1600\" height=\"1600\" data-id=\"10713\" src=\"http:\/\/www.santaritadopassaquatro.sp.gov.br\/portal\/wp-content\/uploads\/2025\/01\/WhatsApp-Image-2025-01-07-at-09.55.30-2.jpeg\" alt=\"\" class=\"wp-image-10713\"\/><\/figure>\n\n\n\n<figure class=\"wp-block-image size-large\"><img decoding=\"async\" width=\"1600\" height=\"1600\" data-id=\"10715\" src=\"http:\/\/www.santaritadopassaquatro.sp.gov.br\/portal\/wp-content\/uploads\/2025\/01\/WhatsApp-Image-2025-01-07-at-09.55.30-3.jpeg\" alt=\"\" class=\"wp-image-10715\"\/><\/figure>\n\n\n\n<figure class=\"wp-block-image size-large\"><img decoding=\"async\" width=\"1600\" height=\"1600\" data-id=\"10711\" src=\"http:\/\/www.santaritadopassaquatro.sp.gov.br\/portal\/wp-content\/uploads\/2025\/01\/WhatsApp-Image-2025-01-07-at-09.55.30-4.jpeg\" alt=\"\" class=\"wp-image-10711\"\/><\/figure>\n\n\n\n<figure class=\"wp-block-image size-large\"><img decoding=\"async\" width=\"1600\" height=\"1600\" data-id=\"10716\" src=\"http:\/\/www.santaritadopassaquatro.sp.gov.br\/portal\/wp-content\/uploads\/2025\/01\/WhatsApp-Image-2025-01-07-at-09.55.30.jpeg\" alt=\"\" class=\"wp-image-10716\"\/><\/figure>\n\n\n\n<figure class=\"wp-block-image size-large\"><img decoding=\"async\" width=\"1600\" height=\"1600\" data-id=\"10717\" src=\"http:\/\/www.santaritadopassaquatro.sp.gov.br\/portal\/wp-content\/uploads\/2025\/01\/WhatsApp-Image-2025-01-07-at-09.55.31-1.jpeg\" alt=\"\" class=\"wp-image-10717\"\/><\/figure>\n\n\n\n<figure class=\"wp-block-image size-large\"><img decoding=\"async\" width=\"1600\" height=\"1600\" data-id=\"10720\" src=\"http:\/\/www.santaritadopassaquatro.sp.gov.br\/portal\/wp-content\/uploads\/2025\/01\/WhatsApp-Image-2025-01-07-at-09.55.31-2.jpeg\" alt=\"\" class=\"wp-image-10720\"\/><\/figure>\n\n\n\n<figure class=\"wp-block-image size-large\"><img decoding=\"async\" width=\"1600\" height=\"1600\" data-id=\"10718\" src=\"http:\/\/www.santaritadopassaquatro.sp.gov.br\/portal\/wp-content\/uploads\/2025\/01\/WhatsApp-Image-2025-01-07-at-09.55.31.jpeg\" alt=\"\" class=\"wp-image-10718\"\/><\/figure>\n\n\n\n<figure class=\"wp-block-image size-large\"><img decoding=\"async\" width=\"1600\" height=\"1600\" data-id=\"10719\" src=\"http:\/\/www.santaritadopassaquatro.sp.gov.br\/portal\/wp-content\/uploads\/2025\/01\/WhatsApp-Image-2025-01-07-at-09.55.32.jpeg\" alt=\"\" class=\"wp-image-10719\"\/><\/figure>\n<\/figure>\n","protected":false},"excerpt":{"rendered":"<p>Na \u00faltima sexta-feira (03), o Prefeito Marcelo Sim\u00e3o e a Vice-Prefeita Ariana Jamus conduziram a primeira Reuni\u00e3o de Gabinete do<\/p>\n","protected":false},"author":1,"featured_media":0,"comment_status":"closed","ping_status":"open","sticky":false,"template":"","format":"standard","meta":{"footnotes":""},"categories":[48,52],"tags":[],"class_list":["post-10709","post","type-post","status-publish","format-standard","hentry","category-featured","category-latest"],"_links":{"self":[{"href":"https:\/\/www.santaritadopassaquatro.sp.gov.br\/portal\/wp-json\/wp\/v2\/posts\/10709","targetHints":{"allow":["GET"]}}],"collection":[{"href":"https:\/\/www.santaritadopassaquatro.sp.gov.br\/portal\/wp-json\/wp\/v2\/posts"}],"about":[{"href":"https:\/\/www.santaritadopassaquatro.sp.gov.br\/portal\/wp-json\/wp\/v2\/types\/post"}],"author":[{"embeddable":true,"href":"https:\/\/www.santaritadopassaquatro.sp.gov.br\/portal\/wp-json\/wp\/v2\/users\/1"}],"replies":[{"embeddable":true,"href":"https:\/\/www.santaritadopassaquatro.sp.gov.br\/portal\/wp-json\/wp\/v2\/comments?post=10709"}],"version-history":[{"count":1,"href":"https:\/\/www.santaritadopassaquatro.sp.gov.br\/portal\/wp-json\/wp\/v2\/posts\/10709\/revisions"}],"predecessor-version":[{"id":10721,"href":"https:\/\/www.santaritadopassaquatro.sp.gov.br\/portal\/wp-json\/wp\/v2\/posts\/10709\/revisions\/10721"}],"wp:attachment":[{"href":"https:\/\/www.santaritadopassaquatro.sp.gov.br\/portal\/wp-json\/wp\/v2\/media?parent=10709"}],"wp:term":[{"taxonomy":"category","embeddable":true,"href":"https:\/\/www.santaritadopassaquatro.sp.gov.br\/portal\/wp-json\/wp\/v2\/categories?post=10709"},{"taxonomy":"post_tag","embeddable":true,"href":"https:\/\/www.santaritadopassaquatro.sp.gov.br\/portal\/wp-json\/wp\/v2\/tags?post=10709"}],"curies":[{"name":"wp","href":"https:\/\/api.w.org\/{rel}","templated":true}]}}