{"id":10790,"date":"2025-01-10T17:16:52","date_gmt":"2025-01-10T20:16:52","guid":{"rendered":"http:\/\/www.santaritadopassaquatro.sp.gov.br\/portal\/?p=10790"},"modified":"2025-01-10T17:16:54","modified_gmt":"2025-01-10T20:16:54","slug":"%f0%9f%8c%9f-mais-seguranca-e-modernidade-para-o-jardim-ludovico-zorzi-sobrinho-jardim-do-lago-%f0%9f%8c%9f","status":"publish","type":"post","link":"https:\/\/www.santaritadopassaquatro.sp.gov.br\/portal\/%f0%9f%8c%9f-mais-seguranca-e-modernidade-para-o-jardim-ludovico-zorzi-sobrinho-jardim-do-lago-%f0%9f%8c%9f\/","title":{"rendered":"\ud83c\udf1f Mais seguran\u00e7a e modernidade para o Jardim Ludovico Zorzi Sobrinho &#8220;Jardim do Lago&#8221;! \ud83c\udf1f"},"content":{"rendered":"\n<p>A Prefeitura Municipal de Santa Rita do Passa Quatro est\u00e1 realizando a troca dos gradis do Jardim do Lago, trazendo mais seguran\u00e7a, modernidade e uma nova est\u00e9tica para este espa\u00e7o que \u00e9 um dos cart\u00f5es-postais da nossa Cidade Poema. \ud83d\udee0\ufe0f\u2728<\/p>\n\n\n\n<p>Com localiza\u00e7\u00e3o privilegiada no centro do munic\u00edpio, o Jardim do Lago \u00e9 uma das principais atra\u00e7\u00f5es tur\u00edsticas de Santa Rita do Passa Quatro. O espa\u00e7o oferece:<br>\u2714\ufe0f Pista de caminhada de 400m ao redor do lago, formado pela barragem do C\u00f3rrego Santo Ant\u00f4nio;<br>\u2714\ufe0f Pesca \u00e0s segundas e ter\u00e7as;<br>\u2714\ufe0f Um ambiente ideal para contempla\u00e7\u00e3o, descanso e lazer! \ud83c\udf33\ud83d\udca7<\/p>\n\n\n\n<p>As substitui\u00e7\u00f5es dos gradis est\u00e3o sendo realizadas com supervis\u00e3o dos profissionais e servidores do Departamento de Obras e Engenharia e do Departamento de Desenvolvimento Urbano. \u2705<\/p>\n\n\n\n<p>Venha conhecer ou revisitar este espa\u00e7o incr\u00edvel, que une esporte, lazer e tranquilidade bem no cora\u00e7\u00e3o da nossa cidade! \ud83d\udc9a<\/p>\n\n\n\n<figure class=\"wp-block-gallery has-nested-images columns-default is-cropped wp-block-gallery-1 is-layout-flex wp-block-gallery-is-layout-flex\">\n<figure class=\"wp-block-image size-large\"><img decoding=\"async\" width=\"2560\" height=\"2560\" data-id=\"10793\" src=\"http:\/\/www.santaritadopassaquatro.sp.gov.br\/portal\/wp-content\/uploads\/2025\/01\/89a2451f-00c8-454e-8ccf-9c09f818c7c6.jpg\" alt=\"\" class=\"wp-image-10793\"\/><\/figure>\n\n\n\n<figure class=\"wp-block-image size-large\"><img decoding=\"async\" width=\"2560\" height=\"2560\" data-id=\"10791\" src=\"http:\/\/www.santaritadopassaquatro.sp.gov.br\/portal\/wp-content\/uploads\/2025\/01\/cf8db15b-a0e2-4414-b7e8-ee4a12cadd1d.jpg\" alt=\"\" class=\"wp-image-10791\"\/><\/figure>\n\n\n\n<figure class=\"wp-block-image size-large\"><img decoding=\"async\" width=\"2560\" height=\"2560\" data-id=\"10794\" src=\"http:\/\/www.santaritadopassaquatro.sp.gov.br\/portal\/wp-content\/uploads\/2025\/01\/e641cf1b-9486-4ac7-ab8f-957f1ebdd1cb.jpg\" alt=\"\" class=\"wp-image-10794\"\/><\/figure>\n\n\n\n<figure class=\"wp-block-image size-large\"><img decoding=\"async\" width=\"2560\" height=\"2560\" data-id=\"10792\" src=\"http:\/\/www.santaritadopassaquatro.sp.gov.br\/portal\/wp-content\/uploads\/2025\/01\/eef1841f-4d96-4ca3-9c25-b790e079bbbb.jpg\" alt=\"\" class=\"wp-image-10792\"\/><\/figure>\n<\/figure>\n","protected":false},"excerpt":{"rendered":"<p>A Prefeitura Municipal de Santa Rita do Passa Quatro est\u00e1 realizando a troca dos gradis do Jardim do Lago, trazendo<\/p>\n","protected":false},"author":1,"featured_media":0,"comment_status":"closed","ping_status":"open","sticky":false,"template":"","format":"standard","meta":{"footnotes":""},"categories":[47,48],"tags":[],"class_list":["post-10790","post","type-post","status-publish","format-standard","hentry","category-desenvovimento","category-featured"],"_links":{"self":[{"href":"https:\/\/www.santaritadopassaquatro.sp.gov.br\/portal\/wp-json\/wp\/v2\/posts\/10790","targetHints":{"allow":["GET"]}}],"collection":[{"href":"https:\/\/www.santaritadopassaquatro.sp.gov.br\/portal\/wp-json\/wp\/v2\/posts"}],"about":[{"href":"https:\/\/www.santaritadopassaquatro.sp.gov.br\/portal\/wp-json\/wp\/v2\/types\/post"}],"author":[{"embeddable":true,"href":"https:\/\/www.santaritadopassaquatro.sp.gov.br\/portal\/wp-json\/wp\/v2\/users\/1"}],"replies":[{"embeddable":true,"href":"https:\/\/www.santaritadopassaquatro.sp.gov.br\/portal\/wp-json\/wp\/v2\/comments?post=10790"}],"version-history":[{"count":1,"href":"https:\/\/www.santaritadopassaquatro.sp.gov.br\/portal\/wp-json\/wp\/v2\/posts\/10790\/revisions"}],"predecessor-version":[{"id":10795,"href":"https:\/\/www.santaritadopassaquatro.sp.gov.br\/portal\/wp-json\/wp\/v2\/posts\/10790\/revisions\/10795"}],"wp:attachment":[{"href":"https:\/\/www.santaritadopassaquatro.sp.gov.br\/portal\/wp-json\/wp\/v2\/media?parent=10790"}],"wp:term":[{"taxonomy":"category","embeddable":true,"href":"https:\/\/www.santaritadopassaquatro.sp.gov.br\/portal\/wp-json\/wp\/v2\/categories?post=10790"},{"taxonomy":"post_tag","embeddable":true,"href":"https:\/\/www.santaritadopassaquatro.sp.gov.br\/portal\/wp-json\/wp\/v2\/tags?post=10790"}],"curies":[{"name":"wp","href":"https:\/\/api.w.org\/{rel}","templated":true}]}}