{"id":10805,"date":"2025-01-13T16:41:15","date_gmt":"2025-01-13T19:41:15","guid":{"rendered":"https:\/\/www.santaritadopassaquatro.sp.gov.br\/portal\/?p=10805"},"modified":"2025-01-13T16:41:16","modified_gmt":"2025-01-13T19:41:16","slug":"%f0%9f%93%9a%e2%9c%a8-volta-as-aulas-rede-municipal-de-ensino-%e2%9c%a8%f0%9f%93%9a","status":"publish","type":"post","link":"https:\/\/www.santaritadopassaquatro.sp.gov.br\/portal\/%f0%9f%93%9a%e2%9c%a8-volta-as-aulas-rede-municipal-de-ensino-%e2%9c%a8%f0%9f%93%9a\/","title":{"rendered":"\ud83d\udcda\u2728 Volta \u00e0s Aulas &#8211; Rede Municipal de Ensino \u2728\ud83d\udcda"},"content":{"rendered":"\n<p>Aten\u00e7\u00e3o, pais e respons\u00e1veis! J\u00e1 estamos nos preparando para receber nossos alunos nas creches e escolas da rede municipal de Santa Rita do Passa Quatro. Confira as datas de in\u00edcio das aulas:<\/p>\n\n\n\n<p>\ud83d\udfe0 20\/01 \u2013 Creches<br>\ud83d\udfe2 03\/02 \u2013 EMEI (Jardim I)<br>\ud83d\udfe2 04\/02 \u2013 EMEI (Jardim II)<br>\ud83d\udfe0 03\/02 \u2013 EMEF (1\u00ba ano)<br>\ud83d\udfe0 04\/02 \u2013 EMEF (demais anos)<\/p>\n\n\n\n<p>Estamos ansiosos para mais um ano repleto de aprendizado, divers\u00e3o e desenvolvimento para nossas crian\u00e7as! \ud83c\udf92\u270f\ufe0f<\/p>\n\n\n\n<figure class=\"wp-block-image size-full\"><img decoding=\"async\" width=\"2560\" height=\"2560\" src=\"https:\/\/www.santaritadopassaquatro.sp.gov.br\/portal\/wp-content\/uploads\/2025\/01\/4c9096e7-c8ed-4579-87aa-1297e43fbf9b.jpg\" alt=\"\" class=\"wp-image-10806\"\/><\/figure>\n","protected":false},"excerpt":{"rendered":"<p>Aten\u00e7\u00e3o, pais e respons\u00e1veis! J\u00e1 estamos nos preparando para receber nossos alunos nas creches e escolas da rede municipal de<\/p>\n","protected":false},"author":1,"featured_media":0,"comment_status":"closed","ping_status":"open","sticky":false,"template":"","format":"standard","meta":{"footnotes":""},"categories":[48,28],"tags":[],"class_list":["post-10805","post","type-post","status-publish","format-standard","hentry","category-featured","category-educacao"],"_links":{"self":[{"href":"https:\/\/www.santaritadopassaquatro.sp.gov.br\/portal\/wp-json\/wp\/v2\/posts\/10805","targetHints":{"allow":["GET"]}}],"collection":[{"href":"https:\/\/www.santaritadopassaquatro.sp.gov.br\/portal\/wp-json\/wp\/v2\/posts"}],"about":[{"href":"https:\/\/www.santaritadopassaquatro.sp.gov.br\/portal\/wp-json\/wp\/v2\/types\/post"}],"author":[{"embeddable":true,"href":"https:\/\/www.santaritadopassaquatro.sp.gov.br\/portal\/wp-json\/wp\/v2\/users\/1"}],"replies":[{"embeddable":true,"href":"https:\/\/www.santaritadopassaquatro.sp.gov.br\/portal\/wp-json\/wp\/v2\/comments?post=10805"}],"version-history":[{"count":1,"href":"https:\/\/www.santaritadopassaquatro.sp.gov.br\/portal\/wp-json\/wp\/v2\/posts\/10805\/revisions"}],"predecessor-version":[{"id":10807,"href":"https:\/\/www.santaritadopassaquatro.sp.gov.br\/portal\/wp-json\/wp\/v2\/posts\/10805\/revisions\/10807"}],"wp:attachment":[{"href":"https:\/\/www.santaritadopassaquatro.sp.gov.br\/portal\/wp-json\/wp\/v2\/media?parent=10805"}],"wp:term":[{"taxonomy":"category","embeddable":true,"href":"https:\/\/www.santaritadopassaquatro.sp.gov.br\/portal\/wp-json\/wp\/v2\/categories?post=10805"},{"taxonomy":"post_tag","embeddable":true,"href":"https:\/\/www.santaritadopassaquatro.sp.gov.br\/portal\/wp-json\/wp\/v2\/tags?post=10805"}],"curies":[{"name":"wp","href":"https:\/\/api.w.org\/{rel}","templated":true}]}}