{"id":10808,"date":"2025-01-14T15:21:02","date_gmt":"2025-01-14T18:21:02","guid":{"rendered":"https:\/\/www.santaritadopassaquatro.sp.gov.br\/portal\/?p=10808"},"modified":"2025-01-14T15:21:04","modified_gmt":"2025-01-14T18:21:04","slug":"%f0%9f%a6%9f-vacina-contra-a-dengue-%f0%9f%a6%9f","status":"publish","type":"post","link":"https:\/\/www.santaritadopassaquatro.sp.gov.br\/portal\/%f0%9f%a6%9f-vacina-contra-a-dengue-%f0%9f%a6%9f\/","title":{"rendered":"\ud83e\udd9f VACINA CONTRA A DENGUE \ud83e\udd9f"},"content":{"rendered":"\n<p>Aten\u00e7\u00e3o, respons\u00e1veis pelos jovens de 10 a 14 anos! A vacina contra a dengue est\u00e1 dispon\u00edvel! Proteja quem voc\u00ea ama!<\/p>\n\n\n\n<p>\ud83d\udc89 Vacina\u00e7\u00e3o para jovens de 10 a 14 anos:<\/p>\n\n\n\n<ul class=\"wp-block-list\">\n<li>Primeira dose: para quem ainda n\u00e3o tomou.<\/li>\n\n\n\n<li>Segunda dose: para quem j\u00e1 iniciou a imuniza\u00e7\u00e3o.<\/li>\n<\/ul>\n\n\n\n<p>\ud83d\udccd Locais de vacina\u00e7\u00e3o:<\/p>\n\n\n\n<p>Centro de Sa\u00fade II (CS II)<br>\ud83d\udccc Rua In\u00e1cio Ribeiro, 438 &#8211; Centro<br>\u260e\ufe0f (19) 3582-4865<\/p>\n\n\n\n<p>PAS CAIC<br>\ud83d\udccc Rua Faustino de Moura, 130 &#8211; Jd. Boa Vista I<br>\u260e\ufe0f (19) 3582-5159<\/p>\n\n\n\n<p>\u23f0 Hor\u00e1rio de atendimento CS II e PAS CAIC:<br>De segunda a sexta-feira, das 7h \u00e0s 15h.<\/p>\n\n\n\n<p>\u26a0\ufe0f Documentos necess\u00e1rios:<\/p>\n\n\n\n<ul class=\"wp-block-list\">\n<li>Carteirinha de vacina\u00e7\u00e3o<\/li>\n\n\n\n<li>CPF<\/li>\n\n\n\n<li>Cart\u00e3o SUS<\/li>\n<\/ul>\n\n\n\n<p>A prote\u00e7\u00e3o contra a dengue come\u00e7a com voc\u00ea! N\u00e3o deixe para depois. \ud83d\udcaa<\/p>\n\n\n\n<figure class=\"wp-block-image size-full\"><img decoding=\"async\" width=\"2560\" height=\"2560\" src=\"https:\/\/www.santaritadopassaquatro.sp.gov.br\/portal\/wp-content\/uploads\/2025\/01\/458ab907-33f5-47d2-9f2c-6d0f1122655d.jpg\" alt=\"\" class=\"wp-image-10809\"\/><\/figure>\n","protected":false},"excerpt":{"rendered":"<p>Aten\u00e7\u00e3o, respons\u00e1veis pelos jovens de 10 a 14 anos! A vacina contra a dengue est\u00e1 dispon\u00edvel! Proteja quem voc\u00ea ama!<\/p>\n","protected":false},"author":1,"featured_media":0,"comment_status":"closed","ping_status":"open","sticky":false,"template":"","format":"standard","meta":{"footnotes":""},"categories":[48,58],"tags":[],"class_list":["post-10808","post","type-post","status-publish","format-standard","hentry","category-featured","category-health"],"_links":{"self":[{"href":"https:\/\/www.santaritadopassaquatro.sp.gov.br\/portal\/wp-json\/wp\/v2\/posts\/10808","targetHints":{"allow":["GET"]}}],"collection":[{"href":"https:\/\/www.santaritadopassaquatro.sp.gov.br\/portal\/wp-json\/wp\/v2\/posts"}],"about":[{"href":"https:\/\/www.santaritadopassaquatro.sp.gov.br\/portal\/wp-json\/wp\/v2\/types\/post"}],"author":[{"embeddable":true,"href":"https:\/\/www.santaritadopassaquatro.sp.gov.br\/portal\/wp-json\/wp\/v2\/users\/1"}],"replies":[{"embeddable":true,"href":"https:\/\/www.santaritadopassaquatro.sp.gov.br\/portal\/wp-json\/wp\/v2\/comments?post=10808"}],"version-history":[{"count":1,"href":"https:\/\/www.santaritadopassaquatro.sp.gov.br\/portal\/wp-json\/wp\/v2\/posts\/10808\/revisions"}],"predecessor-version":[{"id":10810,"href":"https:\/\/www.santaritadopassaquatro.sp.gov.br\/portal\/wp-json\/wp\/v2\/posts\/10808\/revisions\/10810"}],"wp:attachment":[{"href":"https:\/\/www.santaritadopassaquatro.sp.gov.br\/portal\/wp-json\/wp\/v2\/media?parent=10808"}],"wp:term":[{"taxonomy":"category","embeddable":true,"href":"https:\/\/www.santaritadopassaquatro.sp.gov.br\/portal\/wp-json\/wp\/v2\/categories?post=10808"},{"taxonomy":"post_tag","embeddable":true,"href":"https:\/\/www.santaritadopassaquatro.sp.gov.br\/portal\/wp-json\/wp\/v2\/tags?post=10808"}],"curies":[{"name":"wp","href":"https:\/\/api.w.org\/{rel}","templated":true}]}}