{"id":10819,"date":"2025-01-16T16:13:52","date_gmt":"2025-01-16T19:13:52","guid":{"rendered":"https:\/\/www.santaritadopassaquatro.sp.gov.br\/portal\/?p=10819"},"modified":"2025-01-16T16:13:53","modified_gmt":"2025-01-16T19:13:53","slug":"%f0%9f%93%a2-atencao-moradores-dos-bairros-indicados-%f0%9f%a6%9f","status":"publish","type":"post","link":"https:\/\/www.santaritadopassaquatro.sp.gov.br\/portal\/%f0%9f%93%a2-atencao-moradores-dos-bairros-indicados-%f0%9f%a6%9f\/","title":{"rendered":"\ud83d\udce2 ATEN\u00c7\u00c3O, MORADORES DOS BAIRROS INDICADOS! \ud83e\udd9f"},"content":{"rendered":"\n<p>Participe dos Mutir\u00f5es de Combate \u00e0 Dengue!<\/p>\n\n\n\n<p>\ud83d\uddd3 Cronograma:<\/p>\n\n\n\n<p>S\u00e1bado, 18\/01 &#8211; Vila Kennedy e Vila S\u00e3o Salvador &#8211; 8h<br>S\u00e1bado, 25\/01 &#8211; Jardim Alvorada &#8211; 8h<br>S\u00e1bado, 01\/02 &#8211; Vila Norte e Vila Rossi &#8211; 8h<br>S\u00e1bado, 08\/02 &#8211; Jardim S\u00e3o Vicente e Parque S\u00e3o Paulo &#8211; 8h<br>S\u00e1bado, 15\/02 &#8211; Lagoinha e Jardim Bela Vista &#8211; 8h<br>S\u00e1bado, 22\/02 &#8211; Jardim Nova Santa Rita, Primavera e Nova Primavera &#8211; 8h<\/p>\n\n\n\n<p>\ud83d\udc49 Receba a Equipe de Agentes de Controle de Vetores e aproveite para descartar entulhos, materiais acumulados e recipientes que possam acumular \u00e1gua.<\/p>\n\n\n\n<p>\ud83d\udca1 Prevenir \u00e9 o melhor rem\u00e9dio! Juntos podemos evitar a prolifera\u00e7\u00e3o do mosquito transmissor da dengue, zika e chikungunya!<\/p>\n\n\n\n<p>\u26a0\ufe0f Caso chova no hor\u00e1rio previsto, ou por necessidade da equipe, os mutir\u00f5es podem ser remarcados para novas datas.<\/p>\n\n\n\n<p>\ud83d\udccd Prefeitura Municipal de Santa Rita do Passa Quatro | Departamento de Sa\u00fade<\/p>\n\n\n\n<figure class=\"wp-block-image size-full\"><img decoding=\"async\" width=\"2560\" height=\"2560\" src=\"https:\/\/www.santaritadopassaquatro.sp.gov.br\/portal\/wp-content\/uploads\/2025\/01\/3cbece15-5718-4b14-b491-8ed0af7d0568.jpg\" alt=\"\" class=\"wp-image-10820\"\/><\/figure>\n","protected":false},"excerpt":{"rendered":"<p>Participe dos Mutir\u00f5es de Combate \u00e0 Dengue! \ud83d\uddd3 Cronograma: S\u00e1bado, 18\/01 &#8211; Vila Kennedy e Vila S\u00e3o Salvador &#8211; 8hS\u00e1bado,<\/p>\n","protected":false},"author":1,"featured_media":0,"comment_status":"closed","ping_status":"open","sticky":false,"template":"","format":"standard","meta":{"footnotes":""},"categories":[48,58],"tags":[],"class_list":["post-10819","post","type-post","status-publish","format-standard","hentry","category-featured","category-health"],"_links":{"self":[{"href":"https:\/\/www.santaritadopassaquatro.sp.gov.br\/portal\/wp-json\/wp\/v2\/posts\/10819","targetHints":{"allow":["GET"]}}],"collection":[{"href":"https:\/\/www.santaritadopassaquatro.sp.gov.br\/portal\/wp-json\/wp\/v2\/posts"}],"about":[{"href":"https:\/\/www.santaritadopassaquatro.sp.gov.br\/portal\/wp-json\/wp\/v2\/types\/post"}],"author":[{"embeddable":true,"href":"https:\/\/www.santaritadopassaquatro.sp.gov.br\/portal\/wp-json\/wp\/v2\/users\/1"}],"replies":[{"embeddable":true,"href":"https:\/\/www.santaritadopassaquatro.sp.gov.br\/portal\/wp-json\/wp\/v2\/comments?post=10819"}],"version-history":[{"count":1,"href":"https:\/\/www.santaritadopassaquatro.sp.gov.br\/portal\/wp-json\/wp\/v2\/posts\/10819\/revisions"}],"predecessor-version":[{"id":10821,"href":"https:\/\/www.santaritadopassaquatro.sp.gov.br\/portal\/wp-json\/wp\/v2\/posts\/10819\/revisions\/10821"}],"wp:attachment":[{"href":"https:\/\/www.santaritadopassaquatro.sp.gov.br\/portal\/wp-json\/wp\/v2\/media?parent=10819"}],"wp:term":[{"taxonomy":"category","embeddable":true,"href":"https:\/\/www.santaritadopassaquatro.sp.gov.br\/portal\/wp-json\/wp\/v2\/categories?post=10819"},{"taxonomy":"post_tag","embeddable":true,"href":"https:\/\/www.santaritadopassaquatro.sp.gov.br\/portal\/wp-json\/wp\/v2\/tags?post=10819"}],"curies":[{"name":"wp","href":"https:\/\/api.w.org\/{rel}","templated":true}]}}