{"id":10849,"date":"2025-01-24T16:26:37","date_gmt":"2025-01-24T19:26:37","guid":{"rendered":"http:\/\/www.santaritadopassaquatro.sp.gov.br\/portal\/?p=10849"},"modified":"2025-01-24T16:26:38","modified_gmt":"2025-01-24T19:26:38","slug":"edital-de-atribuicao-de-aulas-2025","status":"publish","type":"post","link":"https:\/\/www.santaritadopassaquatro.sp.gov.br\/portal\/edital-de-atribuicao-de-aulas-2025\/","title":{"rendered":"EDITAL DE ATRIBUI\u00c7\u00c3O DE AULAS &#8211; 2025"},"content":{"rendered":"\n<p>O Departamento Municipal de Educa\u00e7\u00e3o de Santa Rita do Passa Quatro, no uso de suas atribui\u00e7\u00f5es legais, vem comunicar as classes\/aulas constantes neste edital para atribui\u00e7\u00e3o que ocorrer\u00e1 no dia 28 de janeiro de 2025, nas depend\u00eancias da EMEF &#8220;Francisco Ribeiro&#8221; (Pra\u00e7a Volunt\u00e1rio Silvano &#8216;Ros\u00e1rio&#8217;), conforme <strong>CRONOGRAMA DE ATRIBUI\u00c7\u00c3O DE CLASSES\/AULAS \u2013 PARA O ANO LETIVO DE 2025, ANEXO II, item III &#8211; Atribui\u00e7\u00e3o aos Contratados Tempor\u00e1rios \u2013 Processo Seletivo<\/strong>, da <strong>PORTARIA N\u00ba 07 DME DE 21 DE NOVEMBRO DE 2024<\/strong>, aos docentes habilitados.<\/p>\n\n\n\n<p>Esse processo inclui, como condi\u00e7\u00e3o para atribui\u00e7\u00e3o\/contrata\u00e7\u00e3o tempor\u00e1ria, a confer\u00eancia de documenta\u00e7\u00e3o dos docentes classificados no <strong>Processo Seletivo 01\/2023<\/strong>.<br><br><\/p>\n\n\n\n<figure class=\"wp-block-image size-full\"><img decoding=\"async\" width=\"2025\" height=\"2025\" src=\"http:\/\/www.santaritadopassaquatro.sp.gov.br\/portal\/wp-content\/uploads\/2025\/01\/Volta-as-aulas.jpg\" alt=\"\" class=\"wp-image-10850\" \/><\/figure>\n\n\n\n<div data-wp-interactive=\"core\/file\" class=\"wp-block-file\"><object data-wp-bind--hidden=\"!state.hasPdfPreview\" hidden class=\"wp-block-file__embed\" data=\"http:\/\/www.santaritadopassaquatro.sp.gov.br\/portal\/wp-content\/uploads\/2025\/01\/Atribuicao-de-Aulas-Edital-2025.pdf\" type=\"application\/pdf\" style=\"width:100%;height:600px\" aria-label=\"Incorporado de Atribuicao-de-Aulas-Edital-2025.\"><\/object><a id=\"wp-block-file--media-ce048d67-7e04-45fb-8708-82c7b15bd26c\" href=\"http:\/\/www.santaritadopassaquatro.sp.gov.br\/portal\/wp-content\/uploads\/2025\/01\/Atribuicao-de-Aulas-Edital-2025.pdf\">Atribuicao-de-Aulas-Edital-2025<\/a><a href=\"http:\/\/www.santaritadopassaquatro.sp.gov.br\/portal\/wp-content\/uploads\/2025\/01\/Atribuicao-de-Aulas-Edital-2025.pdf\" class=\"wp-block-file__button wp-element-button\" download aria-describedby=\"wp-block-file--media-ce048d67-7e04-45fb-8708-82c7b15bd26c\">Baixar<\/a><\/div>\n","protected":false},"excerpt":{"rendered":"<p>O Departamento Municipal de Educa\u00e7\u00e3o de Santa Rita do Passa Quatro, no uso de suas atribui\u00e7\u00f5es legais, vem comunicar as<\/p>\n","protected":false},"author":3,"featured_media":0,"comment_status":"closed","ping_status":"open","sticky":false,"template":"","format":"standard","meta":{"footnotes":""},"categories":[28],"tags":[],"class_list":["post-10849","post","type-post","status-publish","format-standard","hentry","category-educacao"],"_links":{"self":[{"href":"https:\/\/www.santaritadopassaquatro.sp.gov.br\/portal\/wp-json\/wp\/v2\/posts\/10849","targetHints":{"allow":["GET"]}}],"collection":[{"href":"https:\/\/www.santaritadopassaquatro.sp.gov.br\/portal\/wp-json\/wp\/v2\/posts"}],"about":[{"href":"https:\/\/www.santaritadopassaquatro.sp.gov.br\/portal\/wp-json\/wp\/v2\/types\/post"}],"author":[{"embeddable":true,"href":"https:\/\/www.santaritadopassaquatro.sp.gov.br\/portal\/wp-json\/wp\/v2\/users\/3"}],"replies":[{"embeddable":true,"href":"https:\/\/www.santaritadopassaquatro.sp.gov.br\/portal\/wp-json\/wp\/v2\/comments?post=10849"}],"version-history":[{"count":1,"href":"https:\/\/www.santaritadopassaquatro.sp.gov.br\/portal\/wp-json\/wp\/v2\/posts\/10849\/revisions"}],"predecessor-version":[{"id":10852,"href":"https:\/\/www.santaritadopassaquatro.sp.gov.br\/portal\/wp-json\/wp\/v2\/posts\/10849\/revisions\/10852"}],"wp:attachment":[{"href":"https:\/\/www.santaritadopassaquatro.sp.gov.br\/portal\/wp-json\/wp\/v2\/media?parent=10849"}],"wp:term":[{"taxonomy":"category","embeddable":true,"href":"https:\/\/www.santaritadopassaquatro.sp.gov.br\/portal\/wp-json\/wp\/v2\/categories?post=10849"},{"taxonomy":"post_tag","embeddable":true,"href":"https:\/\/www.santaritadopassaquatro.sp.gov.br\/portal\/wp-json\/wp\/v2\/tags?post=10849"}],"curies":[{"name":"wp","href":"https:\/\/api.w.org\/{rel}","templated":true}]}}