{"id":1086,"date":"2019-03-29T10:45:42","date_gmt":"2019-03-29T13:45:42","guid":{"rendered":"http:\/\/www.santaritadopassaquatro.sp.gov.br\/portal\/?p=1086"},"modified":"2019-03-29T10:45:42","modified_gmt":"2019-03-29T13:45:42","slug":"santa-rita-estreia-nesta-segunda-feira-na-taca-eptv-de-futsal","status":"publish","type":"post","link":"https:\/\/www.santaritadopassaquatro.sp.gov.br\/portal\/santa-rita-estreia-nesta-segunda-feira-na-taca-eptv-de-futsal\/","title":{"rendered":"Santa Rita estreia nesta segunda-feira, na Ta\u00e7a EPTV de Futsal"},"content":{"rendered":"<p><strong><em>Partida acontece em Mococa, contra o time da casa; Abertura da competi\u00e7\u00e3o foi em Ibat\u00e9 no \u00faltimo s\u00e1bado, com munic\u00edpio ficando em 2\u00ba lugar entre as apresenta\u00e7\u00f5es<\/em><\/strong><\/p>\n<p>&nbsp;<\/p>\n<figure id=\"attachment_1087\" aria-describedby=\"caption-attachment-1087\" style=\"width: 300px\" class=\"wp-caption alignleft\"><img decoding=\"async\" class=\"wp-image-1087 size-medium\" src=\"http:\/\/www.santaritadopassaquatro.sp.gov.br\/portal\/wp-content\/uploads\/2019\/03\/Abertura_Taca_EPTV_bandeira-300x199.jpg\" alt=\"\" width=\"300\" height=\"199\" srcset=\"https:\/\/www.santaritadopassaquatro.sp.gov.br\/portal\/wp-content\/uploads\/2019\/03\/Abertura_Taca_EPTV_bandeira-300x199.jpg 300w, https:\/\/www.santaritadopassaquatro.sp.gov.br\/portal\/wp-content\/uploads\/2019\/03\/Abertura_Taca_EPTV_bandeira-768x509.jpg 768w, https:\/\/www.santaritadopassaquatro.sp.gov.br\/portal\/wp-content\/uploads\/2019\/03\/Abertura_Taca_EPTV_bandeira-1024x678.jpg 1024w\" sizes=\"(max-width: 300px) 100vw, 300px\" \/><figcaption id=\"caption-attachment-1087\" class=\"wp-caption-text\"><span style=\"font-size: 8pt; color: #999999;\"><strong><em>Bandeira de Santa Rita durante a abertura da 23\u00aa Ta\u00e7a EPTV de Futsal da Regi\u00e3o Central (Reprodu\u00e7\u00e3o)<\/em><\/strong><\/span><\/figcaption><\/figure>\n<p>A equipe do Departamento Municipal de Esportes de Santa Rita do Passa Quatro entra em quadra pela primeira vez, nesta segunda-feira (1\/4), pela 23\u00aa Ta\u00e7a EPTV Central de futsal.<\/p>\n<p>A partida em Mococa ser\u00e1 contra o time da casa, \u00e0 partir das 20h45, no Gin\u00e1sio de Esportes M\u00e1rio D\u00e1rio, o \u201cRuss\u00e3o\u201d, que tamb\u00e9m recebe na preliminar a partida entre \u00c1guas da Prata e S\u00e3o Jo\u00e3o da Boa Vista, \u00e0s 20h15.<\/p>\n<p>A abertura da competi\u00e7\u00e3o aconteceu no \u00faltimo s\u00e1bado (23\/3), no Gin\u00e1sio Municipal Donato Rossito, em Ibat\u00e9. A solenidade contou com a presen\u00e7a de representantes das 33 cidades que participam do torneio.<\/p>\n<figure id=\"attachment_1089\" aria-describedby=\"caption-attachment-1089\" style=\"width: 300px\" class=\"wp-caption alignright\"><img decoding=\"async\" class=\"wp-image-1089 size-medium\" src=\"http:\/\/www.santaritadopassaquatro.sp.gov.br\/portal\/wp-content\/uploads\/2019\/03\/Abertura_Taca_EPTV_zumba1-300x199.jpg\" alt=\"\" width=\"300\" height=\"199\" srcset=\"https:\/\/www.santaritadopassaquatro.sp.gov.br\/portal\/wp-content\/uploads\/2019\/03\/Abertura_Taca_EPTV_zumba1-300x199.jpg 300w, https:\/\/www.santaritadopassaquatro.sp.gov.br\/portal\/wp-content\/uploads\/2019\/03\/Abertura_Taca_EPTV_zumba1-768x509.jpg 768w, https:\/\/www.santaritadopassaquatro.sp.gov.br\/portal\/wp-content\/uploads\/2019\/03\/Abertura_Taca_EPTV_zumba1-1024x678.jpg 1024w\" sizes=\"(max-width: 300px) 100vw, 300px\" \/><figcaption id=\"caption-attachment-1089\" class=\"wp-caption-text\"><span style=\"font-size: 8pt; color: #999999;\"><em><strong>Premia\u00e7\u00e3o para Santa Rita que ficou em segundo lugar entre as apresenta\u00e7\u00f5es art\u00edsticas, do \u00faltimo s\u00e1bado (Reprodu\u00e7\u00e3o)<\/strong><\/em><\/span><\/figcaption><\/figure>\n<p>Na solenidade, com apresenta\u00e7\u00f5es art\u00edsticas, os munic\u00edpios concorreram ao direito de sediar a abertura da Ta\u00e7a EPTV em 2020, e Santa Rita quase chegou l\u00e1, ficando em segundo lugar, com apresenta\u00e7\u00e3o de Zumba e a da Banda Zequinha de Abreu.\u00a0 A escolhida foi Trabiju.<\/p>\n<p>Na competi\u00e7\u00e3o, as 33 equipes inscritas est\u00e3o divididas em dez chaves e Santa Rita est\u00e1 no Grupo 10, com Vargem Grande do Sul, Santa Cruz da Concei\u00e7\u00e3o e Mococa. Os dois melhores de cada grupo avan\u00e7am. Ser\u00e3o duas fases de classifica\u00e7\u00e3o e depois se inicia o mata-mata at\u00e9 a final, prevista para o dia 1\u00ba de junho.<\/p>\n<figure id=\"attachment_1088\" aria-describedby=\"caption-attachment-1088\" style=\"width: 300px\" class=\"wp-caption alignleft\"><img decoding=\"async\" class=\"wp-image-1088 size-medium\" src=\"http:\/\/www.santaritadopassaquatro.sp.gov.br\/portal\/wp-content\/uploads\/2019\/03\/Abertura_Taca_EPTV_Zumba-300x199.jpg\" alt=\"\" width=\"300\" height=\"199\" srcset=\"https:\/\/www.santaritadopassaquatro.sp.gov.br\/portal\/wp-content\/uploads\/2019\/03\/Abertura_Taca_EPTV_Zumba-300x199.jpg 300w, https:\/\/www.santaritadopassaquatro.sp.gov.br\/portal\/wp-content\/uploads\/2019\/03\/Abertura_Taca_EPTV_Zumba-768x509.jpg 768w, https:\/\/www.santaritadopassaquatro.sp.gov.br\/portal\/wp-content\/uploads\/2019\/03\/Abertura_Taca_EPTV_Zumba-1024x678.jpg 1024w\" sizes=\"(max-width: 300px) 100vw, 300px\" \/><figcaption id=\"caption-attachment-1088\" class=\"wp-caption-text\"><span style=\"font-size: 8pt; color: #999999;\"><em><strong> Apresenta\u00e7\u00e3o de Zumba e Banda Zequinha de Abreu representaram o munic\u00edpio na solenidade em Ibat\u00e9 (Reprodu\u00e7\u00e3o)<\/strong><\/em><\/span><\/figcaption><\/figure>\n<p>Os jogos s\u00e3o disputados \u00e0s segundas e quintas-feiras at\u00e9 o dia 1\u00ba de junho, quando acontece a final.\u00a0 Os pr\u00f3ximo jogos de Santa Rita acontecem no dia 15\/4, segunda-feira, em Porto Ferreira, contra Vargem Grande do Sul, e dia 25\/5, quinta-feira, em S\u00e3o Jo\u00e3o da Boa Vista, contra Santa Cruz da Concei\u00e7\u00e3o.<\/p>\n<p>Criado em 1985, a Ta\u00e7a EPTV come\u00e7ou a ser disputado na regi\u00e3o de S\u00e3o Carlos e Araraquara em 1990 e tem S\u00e3o Jo\u00e3o da Boa Vista, atual campe\u00e3, como a grande recordista, com sete t\u00edtulos. No retrospecto, Santa Rita conquistou o t\u00edtulo de campe\u00e3 em 2014, e o vice-campeonato em 2015.<\/p>\n<p>&nbsp;<\/p>\n<p>&nbsp;<\/p>\n<p>&nbsp;<\/p>\n<p><strong>\u00a0<\/strong><\/p>\n<p><strong>\u00a0<\/strong><\/p>\n","protected":false},"excerpt":{"rendered":"<p>Partida acontece em Mococa, contra o time da casa; Abertura da competi\u00e7\u00e3o foi em Ibat\u00e9 no \u00faltimo s\u00e1bado, com munic\u00edpio<\/p>\n","protected":false},"author":1,"featured_media":1087,"comment_status":"closed","ping_status":"open","sticky":false,"template":"","format":"standard","meta":{"footnotes":""},"categories":[44,51,52],"tags":[],"class_list":["post-1086","post","type-post","status-publish","format-standard","has-post-thumbnail","hentry","category-cidades","category-sports","category-latest"],"_links":{"self":[{"href":"https:\/\/www.santaritadopassaquatro.sp.gov.br\/portal\/wp-json\/wp\/v2\/posts\/1086","targetHints":{"allow":["GET"]}}],"collection":[{"href":"https:\/\/www.santaritadopassaquatro.sp.gov.br\/portal\/wp-json\/wp\/v2\/posts"}],"about":[{"href":"https:\/\/www.santaritadopassaquatro.sp.gov.br\/portal\/wp-json\/wp\/v2\/types\/post"}],"author":[{"embeddable":true,"href":"https:\/\/www.santaritadopassaquatro.sp.gov.br\/portal\/wp-json\/wp\/v2\/users\/1"}],"replies":[{"embeddable":true,"href":"https:\/\/www.santaritadopassaquatro.sp.gov.br\/portal\/wp-json\/wp\/v2\/comments?post=1086"}],"version-history":[{"count":0,"href":"https:\/\/www.santaritadopassaquatro.sp.gov.br\/portal\/wp-json\/wp\/v2\/posts\/1086\/revisions"}],"wp:featuredmedia":[{"embeddable":true,"href":"https:\/\/www.santaritadopassaquatro.sp.gov.br\/portal\/wp-json\/wp\/v2\/media\/1087"}],"wp:attachment":[{"href":"https:\/\/www.santaritadopassaquatro.sp.gov.br\/portal\/wp-json\/wp\/v2\/media?parent=1086"}],"wp:term":[{"taxonomy":"category","embeddable":true,"href":"https:\/\/www.santaritadopassaquatro.sp.gov.br\/portal\/wp-json\/wp\/v2\/categories?post=1086"},{"taxonomy":"post_tag","embeddable":true,"href":"https:\/\/www.santaritadopassaquatro.sp.gov.br\/portal\/wp-json\/wp\/v2\/tags?post=1086"}],"curies":[{"name":"wp","href":"https:\/\/api.w.org\/{rel}","templated":true}]}}