{"id":1091,"date":"2019-03-29T10:47:38","date_gmt":"2019-03-29T13:47:38","guid":{"rendered":"http:\/\/www.santaritadopassaquatro.sp.gov.br\/portal\/?p=1091"},"modified":"2019-03-29T10:47:38","modified_gmt":"2019-03-29T13:47:38","slug":"santa-rita-e-representada-em-reuniao-de-apresentacao-das-atividades-do-fssp","status":"publish","type":"post","link":"https:\/\/www.santaritadopassaquatro.sp.gov.br\/portal\/santa-rita-e-representada-em-reuniao-de-apresentacao-das-atividades-do-fssp\/","title":{"rendered":"Santa Rita \u00e9 representada em reuni\u00e3o de apresenta\u00e7\u00e3o das atividades do FSSP"},"content":{"rendered":"<p>&nbsp;<\/p>\n<p><strong><em>Vice-prefeita e presidente do Fundo Social de Solidariedade do munic\u00edpio estiveram presentes junto aos <\/em><\/strong><strong><em>450 munic\u00edpios do Estado de S\u00e3o Paulo representados<\/em><\/strong><\/p>\n<p>&nbsp;<\/p>\n<figure id=\"attachment_1092\" aria-describedby=\"caption-attachment-1092\" style=\"width: 258px\" class=\"wp-caption alignleft\"><img decoding=\"async\" class=\"wp-image-1092\" src=\"http:\/\/www.santaritadopassaquatro.sp.gov.br\/portal\/wp-content\/uploads\/2019\/03\/Evento_promocao_social_ribeirao_preto-225x300.jpeg\" alt=\"\" width=\"258\" height=\"340\" \/><figcaption id=\"caption-attachment-1092\" class=\"wp-caption-text\"><span style=\"font-size: 8pt; color: #999999;\"><strong><em>Vice-prefeita e a diretora de Assist\u00eancia Social do munic\u00edpio, com a Secret\u00e1ria de Desenvolvimento Social do Estado, em Ribeir\u00e3o Preto \u00a0(Divulga\u00e7\u00e3o)<\/em><\/strong><\/span><\/figcaption><\/figure>\n<p>Santa Rita do Passa Quatro esteve representada na primeira reuni\u00e3o de apresenta\u00e7\u00e3o do Fundo Social de S\u00e3o Paulo (FUSSP). O evento foi realizado na segunda-feira (25\/03), no Pal\u00e1cio dos Bandeirantes em S\u00e3o Paulo. A vice-prefeita Maria Rita Mondin de Oliveira, a presidente do Fundo Social de Solidariedade do munic\u00edpio, dona Vera Luciano dos Santos e a coordenadora C\u00e9lia de F\u00e1tima Casagrande Claro de Oliveira.<\/p>\n<p>No encontro, o presidente executivo do FUSSP, Filipe Sabar\u00e1, j\u00e1 iniciou os trabalhos que abranger\u00e3o novos cursos com maior carga hor\u00e1ria e conte\u00fado com as demandas do mercado. Tendo como foco a gera\u00e7\u00e3o de renda e autonomia. Al\u00e9m dessa reestrutura\u00e7\u00e3o o FUSSP, iniciar\u00e1 a Escola de Inform\u00e1tica e Computa\u00e7\u00e3o, estimulando parcerias com o setor privado. A reuni\u00e3o contou tamb\u00e9m com a presen\u00e7a da primeira dama e presidente do Conselho do Fundo, Bia D\u00f3ria, e do governador do Estado, Jo\u00e3o D\u00f3ria.<\/p>\n<p>O Fundo Social de Santa Rita desenvolve diversos projetos, com \u00eanfase na capacita\u00e7\u00e3o profissional especialmente da popula\u00e7\u00e3o mais carente, com cursos de costura, beleza, gastronomia, pedreiro e eletricista, entre outros.<\/p>\n<p>&nbsp;<\/p>\n<p><strong>RECURSOS<\/strong><\/p>\n<p>No \u00faltimo de 13 de mar\u00e7o, quarta-feira, a vice-prefeita e a diretora do Departamento Municipal de Assist\u00eancia Social, Iara Crotti Lorecetti, tamb\u00e9m estiveram presentes na solenidade de assinatura de repasse de recursos do Fundo Estadual de Assist\u00eancia Social (FEAS), realizada no Teatro Pedro II, em Ribeir\u00e3o Preto. Os recursos foram liberados por meio da assinatura da Secret\u00e1ria de Desenvolvimento Social do Estado de S\u00e3o Paulo, C\u00e9lia Parnes.<\/p>\n<p>No evento, os munic\u00edpios presentes assinaram termos de responsabilidade e ades\u00e3o ao sistema de transfer\u00eancia de recursos para trabalharem na \u00e1rea de assist\u00eancia social nos projetos descentralizados.<\/p>\n<p>A cerim\u00f4nia que reuniu cidades da Macro Regi\u00e3o III (Divis\u00e3o Regional de Assist\u00eancia e Desenvolvimento Social \u2013 DRADS de Araraquara, Barretos, Franca e Ribeir\u00e3o Preto)<\/p>\n<p>&nbsp;<\/p>\n<p>&nbsp;<\/p>\n<p>&nbsp;<\/p>\n<p>&nbsp;<\/p>\n","protected":false},"excerpt":{"rendered":"<p>&nbsp; Vice-prefeita e presidente do Fundo Social de Solidariedade do munic\u00edpio estiveram presentes junto aos 450 munic\u00edpios do Estado de<\/p>\n","protected":false},"author":1,"featured_media":1092,"comment_status":"closed","ping_status":"open","sticky":false,"template":"","format":"standard","meta":{"footnotes":""},"categories":[43],"tags":[],"class_list":["post-1091","post","type-post","status-publish","format-standard","has-post-thumbnail","hentry","category-assistenciasocial"],"_links":{"self":[{"href":"https:\/\/www.santaritadopassaquatro.sp.gov.br\/portal\/wp-json\/wp\/v2\/posts\/1091","targetHints":{"allow":["GET"]}}],"collection":[{"href":"https:\/\/www.santaritadopassaquatro.sp.gov.br\/portal\/wp-json\/wp\/v2\/posts"}],"about":[{"href":"https:\/\/www.santaritadopassaquatro.sp.gov.br\/portal\/wp-json\/wp\/v2\/types\/post"}],"author":[{"embeddable":true,"href":"https:\/\/www.santaritadopassaquatro.sp.gov.br\/portal\/wp-json\/wp\/v2\/users\/1"}],"replies":[{"embeddable":true,"href":"https:\/\/www.santaritadopassaquatro.sp.gov.br\/portal\/wp-json\/wp\/v2\/comments?post=1091"}],"version-history":[{"count":0,"href":"https:\/\/www.santaritadopassaquatro.sp.gov.br\/portal\/wp-json\/wp\/v2\/posts\/1091\/revisions"}],"wp:featuredmedia":[{"embeddable":true,"href":"https:\/\/www.santaritadopassaquatro.sp.gov.br\/portal\/wp-json\/wp\/v2\/media\/1092"}],"wp:attachment":[{"href":"https:\/\/www.santaritadopassaquatro.sp.gov.br\/portal\/wp-json\/wp\/v2\/media?parent=1091"}],"wp:term":[{"taxonomy":"category","embeddable":true,"href":"https:\/\/www.santaritadopassaquatro.sp.gov.br\/portal\/wp-json\/wp\/v2\/categories?post=1091"},{"taxonomy":"post_tag","embeddable":true,"href":"https:\/\/www.santaritadopassaquatro.sp.gov.br\/portal\/wp-json\/wp\/v2\/tags?post=1091"}],"curies":[{"name":"wp","href":"https:\/\/api.w.org\/{rel}","templated":true}]}}