{"id":1101,"date":"2019-03-29T10:55:06","date_gmt":"2019-03-29T13:55:06","guid":{"rendered":"http:\/\/www.santaritadopassaquatro.sp.gov.br\/portal\/?p=1101"},"modified":"2019-03-29T10:55:06","modified_gmt":"2019-03-29T13:55:06","slug":"chegou-o-dia-circo-na-praca-e-neste-sabado-na-estacao","status":"publish","type":"post","link":"https:\/\/www.santaritadopassaquatro.sp.gov.br\/portal\/chegou-o-dia-circo-na-praca-e-neste-sabado-na-estacao\/","title":{"rendered":"Chegou o dia! Circo na Pra\u00e7a \u00e9 neste s\u00e1bado na Esta\u00e7\u00e3o"},"content":{"rendered":"<p><strong><em>Promovido pelo Departamento de Cultura promove o espet\u00e1culo \u201cE O Palha\u00e7o O Que \u00c9?\u201d acontece a partir das 19h30<\/em><\/strong><\/p>\n<p>&nbsp;<\/p>\n<figure id=\"attachment_990\" aria-describedby=\"caption-attachment-990\" style=\"width: 300px\" class=\"wp-caption alignleft\"><img decoding=\"async\" class=\"wp-image-990 size-medium\" src=\"http:\/\/www.santaritadopassaquatro.sp.gov.br\/portal\/wp-content\/uploads\/2019\/03\/Circo_praca_palhaco-Foto-Teia-Camargo-300x152.jpg\" alt=\"\" width=\"300\" height=\"152\" srcset=\"https:\/\/www.santaritadopassaquatro.sp.gov.br\/portal\/wp-content\/uploads\/2019\/03\/Circo_praca_palhaco-Foto-Teia-Camargo-300x152.jpg 300w, https:\/\/www.santaritadopassaquatro.sp.gov.br\/portal\/wp-content\/uploads\/2019\/03\/Circo_praca_palhaco-Foto-Teia-Camargo.jpg 710w\" sizes=\"(max-width: 300px) 100vw, 300px\" \/><figcaption id=\"caption-attachment-990\" class=\"wp-caption-text\"><span style=\"font-size: 8pt; color: #999999;\"><strong><em>O palha\u00e7o Reinaldo Facchini que apresenta o espet\u00e1culo &#8220;E O Palha\u00e7o O Que \u00c9?&#8221; em Santa Rita (Teia Camargo\/Divulga\u00e7\u00e3o)<\/em><\/strong><\/span><\/figcaption><\/figure>\n<p>Acabou a espera! Este s\u00e1bado (30\/3) \u00e9 dia de muitas gargalhadas, com o ator e palha\u00e7o Reinaldo Facchini, que se apresenta em Santa Rita do Passa Quatro em mais um \u201cCirco na Pra\u00e7a\u201d. Promovida pelo Departamento de Cultura e Turismo, da Prefeitura Municipal, a atra\u00e7\u00e3o teatral circense &#8220;E O Palha\u00e7o O Que \u00c9?&#8221;, com acontece na Pra\u00e7a Poeta M\u00e1rio Mattoso, \u00e0 partir das 19h30.<\/p>\n<p>O espet\u00e1culo \u00e9 uma comemora\u00e7\u00e3o ao \u201cDia do Teatro e do Circo\u201d \u2013 celebrado anualmente no dia 27 de mar\u00e7o. Atrav\u00e9s do jogo direto com o p\u00fablico, o palha\u00e7o Jeca procura trazer \u00e0 tona toda ludicidade e poesia que tem a alma do Palha\u00e7o, sempre pensando em levar o entretenimento e o l\u00fadico.<\/p>\n<p>Evento para a fam\u00edlia, a atra\u00e7\u00e3o \u00e9 gratuita e tem classifica\u00e7\u00e3o livre.<\/p>\n<p>&nbsp;<\/p>\n<p><strong>ABRIL<\/strong><\/p>\n<figure id=\"attachment_1102\" aria-describedby=\"caption-attachment-1102\" style=\"width: 300px\" class=\"wp-caption alignleft\"><img decoding=\"async\" class=\"wp-image-1102 size-medium\" src=\"http:\/\/www.santaritadopassaquatro.sp.gov.br\/portal\/wp-content\/uploads\/2019\/03\/vitrola_velha_1_giulia_octaviano-300x200.jpg\" alt=\"\" width=\"300\" height=\"200\" srcset=\"https:\/\/www.santaritadopassaquatro.sp.gov.br\/portal\/wp-content\/uploads\/2019\/03\/vitrola_velha_1_giulia_octaviano-300x200.jpg 300w, https:\/\/www.santaritadopassaquatro.sp.gov.br\/portal\/wp-content\/uploads\/2019\/03\/vitrola_velha_1_giulia_octaviano-768x512.jpg 768w, https:\/\/www.santaritadopassaquatro.sp.gov.br\/portal\/wp-content\/uploads\/2019\/03\/vitrola_velha_1_giulia_octaviano-1024x683.jpg 1024w\" sizes=\"(max-width: 300px) 100vw, 300px\" \/><figcaption id=\"caption-attachment-1102\" class=\"wp-caption-text\"><span style=\"font-size: 8pt; color: #999999;\"><strong><em>A banda Vitrola Velha que ser\u00e1 atra\u00e7\u00e3o do 1\u00ba Esta\u00e7\u00e3o Blues, em abril, na pra\u00e7a d Mario Mattoso (Giulia M. Octaviano\/Divulga\u00e7\u00e3o)<\/em><\/strong><\/span><\/figcaption><\/figure>\n<p>O Departamento Municipal de Cultura e Turismo j\u00e1 est\u00e1 preparando \u00e0s atra\u00e7\u00f5es do pr\u00f3ximo m\u00eas. Ao menos duas atividades j\u00e1 est\u00e3o confirmadas para abril. No dia 20\/4 tem Blues na Esta\u00e7\u00e3o, Pra\u00e7a da Esta\u00e7\u00e3o, com show musical e exposi\u00e7\u00f5es, com a banda Vitrola Velha, de Porto Ferreira.<\/p>\n<p>Outra atra\u00e7\u00e3o \u00e9 mais um espet\u00e1culo circense, com a \u201cGenu\u00edna &#8211; Palha\u00e7a Francisquinha\u201d, que acontece no dia 26 de abril, tamb\u00e9m na pra\u00e7a da Esta\u00e7\u00e3o. No espet\u00e1culo Genu\u00edna apresenta Francisquinha, uma mulher comum, que carrega nas costas o peso de ser quem \u00e9. Sua tr\u00e1gica sina \u00e9 levada com muita leveza e humor, e provoca, atrav\u00e9s do riso, a reflex\u00e3o do p\u00fablico.<\/p>\n<p>&nbsp;<\/p>\n<p><strong>\u00a0<\/strong><\/p>\n<blockquote><p><strong>SERVI\u00c7O<br \/>\n&#8220;E O Palha\u00e7o O Que \u00c9?&#8221; (Circo e teatro)<br \/>\nQUANDO: <\/strong>s\u00e1bado, 30 de mar\u00e7o, \u00e0s 19h30.<strong><br \/>\nONDE: <\/strong>Pra\u00e7a Poeta M\u00e1rio Mattoso<br \/>\n<strong>Classifica\u00e7\u00e3o:<\/strong> Livre.<br \/>\n<strong>EVENTO GRATUITO<\/strong><\/p><\/blockquote>\n<p><strong><em>\u00a0<\/em><\/strong><\/p>\n<p>&nbsp;<\/p>\n<p>&nbsp;<\/p>\n<p>&nbsp;<\/p>\n","protected":false},"excerpt":{"rendered":"<p>Promovido pelo Departamento de Cultura promove o espet\u00e1culo \u201cE O Palha\u00e7o O Que \u00c9?\u201d acontece a partir das 19h30 &nbsp;<\/p>\n","protected":false},"author":1,"featured_media":990,"comment_status":"closed","ping_status":"open","sticky":false,"template":"","format":"standard","meta":{"footnotes":""},"categories":[46,52],"tags":[],"class_list":["post-1101","post","type-post","status-publish","format-standard","has-post-thumbnail","hentry","category-cultura","category-latest"],"_links":{"self":[{"href":"https:\/\/www.santaritadopassaquatro.sp.gov.br\/portal\/wp-json\/wp\/v2\/posts\/1101","targetHints":{"allow":["GET"]}}],"collection":[{"href":"https:\/\/www.santaritadopassaquatro.sp.gov.br\/portal\/wp-json\/wp\/v2\/posts"}],"about":[{"href":"https:\/\/www.santaritadopassaquatro.sp.gov.br\/portal\/wp-json\/wp\/v2\/types\/post"}],"author":[{"embeddable":true,"href":"https:\/\/www.santaritadopassaquatro.sp.gov.br\/portal\/wp-json\/wp\/v2\/users\/1"}],"replies":[{"embeddable":true,"href":"https:\/\/www.santaritadopassaquatro.sp.gov.br\/portal\/wp-json\/wp\/v2\/comments?post=1101"}],"version-history":[{"count":0,"href":"https:\/\/www.santaritadopassaquatro.sp.gov.br\/portal\/wp-json\/wp\/v2\/posts\/1101\/revisions"}],"wp:featuredmedia":[{"embeddable":true,"href":"https:\/\/www.santaritadopassaquatro.sp.gov.br\/portal\/wp-json\/wp\/v2\/media\/990"}],"wp:attachment":[{"href":"https:\/\/www.santaritadopassaquatro.sp.gov.br\/portal\/wp-json\/wp\/v2\/media?parent=1101"}],"wp:term":[{"taxonomy":"category","embeddable":true,"href":"https:\/\/www.santaritadopassaquatro.sp.gov.br\/portal\/wp-json\/wp\/v2\/categories?post=1101"},{"taxonomy":"post_tag","embeddable":true,"href":"https:\/\/www.santaritadopassaquatro.sp.gov.br\/portal\/wp-json\/wp\/v2\/tags?post=1101"}],"curies":[{"name":"wp","href":"https:\/\/api.w.org\/{rel}","templated":true}]}}