{"id":1104,"date":"2019-03-29T10:58:13","date_gmt":"2019-03-29T13:58:13","guid":{"rendered":"http:\/\/www.santaritadopassaquatro.sp.gov.br\/portal\/?p=1104"},"modified":"2019-03-29T10:58:13","modified_gmt":"2019-03-29T13:58:13","slug":"inscricoes-para-programa-auxilio-ao-desempregado-comecam-no-dia-84","status":"publish","type":"post","link":"https:\/\/www.santaritadopassaquatro.sp.gov.br\/portal\/inscricoes-para-programa-auxilio-ao-desempregado-comecam-no-dia-84\/","title":{"rendered":"Inscri\u00e7\u00f5es para programa Aux\u00edlio ao Desempregado come\u00e7am no dia 8\/4\u00a0"},"content":{"rendered":"<p><strong><em>A\u00e7\u00e3o far\u00e1 nova sele\u00e7\u00e3o de desempregados para frente de trabalho; contratos ter\u00e3o validade de um ano e selecionados ir\u00e3o contar com qualifica\u00e7\u00e3o e bolsa aux\u00edlio<\/em><\/strong><\/p>\n<p>&nbsp;<\/p>\n<p><img decoding=\"async\" class=\"alignnone size-medium wp-image-896 alignleft\" src=\"http:\/\/www.santaritadopassaquatro.sp.gov.br\/portal\/wp-content\/uploads\/2019\/03\/xCarteira-de-trabalho.jpg.pagespeed.ic_.uPXP90npXN-300x169.jpg\" alt=\"\" width=\"300\" height=\"169\" srcset=\"https:\/\/www.santaritadopassaquatro.sp.gov.br\/portal\/wp-content\/uploads\/2019\/03\/xCarteira-de-trabalho.jpg.pagespeed.ic_.uPXP90npXN-300x169.jpg 300w, https:\/\/www.santaritadopassaquatro.sp.gov.br\/portal\/wp-content\/uploads\/2019\/03\/xCarteira-de-trabalho.jpg.pagespeed.ic_.uPXP90npXN.jpg 666w\" sizes=\"(max-width: 300px) 100vw, 300px\" \/>A Prefeitura Municipal de Santa Rita do Passa Quatro, atrav\u00e9s do Departamento de Assist\u00eancia e Desenvolvimento Social, est\u00e1 promovendo a segunda etapa do Programa Aux\u00edlio ao Desempregado.\u00a0 O prazo de inscri\u00e7\u00f5es ser\u00e1 de 8 a 12 de abril, segunda a sexta-feira, quando os candidatos devem se dirigir \u00e0 Sala do Empreendedor, que fica na Av. Severino Meirelles, 1230,\u00a0 Centro (ao lado do PROCON), no hor\u00e1rio das 8h \u00e0s 11h e das 13h \u00e0s 17 horas.<\/p>\n<p>O programa ir\u00e1 selecionar 20 pessoas desempregadas a fim de proporcionar-lhes ocupa\u00e7\u00e3o, qualifica\u00e7\u00e3o profissional e renda, junto ao Departamento de Assist\u00eancia Social, mediante a concess\u00e3o de bolsa-aux\u00edlio no valor de um sal\u00e1rio m\u00ednimo, cesta b\u00e1sica, seguro de vida e de acidentes pessoais e cursos e treinamentos de capacita\u00e7\u00e3o profissional, pelo prazo de 12 meses, prorrog\u00e1vel por igual per\u00edodo.<\/p>\n<p>Para se inscrever os candidatos devem obedecer a crit\u00e9rios, como residir no munic\u00edpio no m\u00ednimo por tr\u00eas anos &#8212; mediante comprova\u00e7\u00e3o documental&#8211;, n\u00e3o ter outra fonte de renda e subsist\u00eancia pr\u00f3pria e n\u00e3o estar recebendo seguro-desemprego e ter condi\u00e7\u00f5es f\u00edsicas e mentais para a execu\u00e7\u00e3o das tarefas propostas pelo programa, atestadas por profissional m\u00e9dico.<\/p>\n<p>Para inscri\u00e7\u00e3o, o candidato dever\u00e1 apresentar o original e uma c\u00f3pia dos documentos: carteira de identidade, CPF, t\u00edtulo de eleitor; certid\u00e3o de nascimento ou de casamento; certid\u00e3o de nascimento dos filhos menores ou deficientes, que estejam sob sua depend\u00eancia financeira; carteira de trabalho e Comprovante de domic\u00edlio no munic\u00edpio pelo per\u00edodo m\u00ednimo de tr\u00eas anos (conta de \u00e1gua, luz, telefone fixo, correspond\u00eancias oficiais, declara\u00e7\u00e3o de frequ\u00eancia dos filhos \u00e0 escola municipal, estadual ou creche ou t\u00edtulo de eleitor).<\/p>\n<p>O processo de sele\u00e7\u00e3o ser\u00e1 realizado nos dias 23, 24, 25 e 26 de abril, no Parque Tur\u00edstico Municipal (Clube de Campo), e o candidato ser\u00e1 avaliado por uma Comiss\u00e3o composta por nove pessoas.<\/p>\n<p>Os crit\u00e9rios de pontua\u00e7\u00e3o bem como as regras para a sele\u00e7\u00e3o est\u00e3o discriminados em edital publicado no site da prefeitura municipal <a href=\"http:\/\/www.santaritadopassaquatro.sp.gov.br\">www.santaritadopassaquatro.sp.gov.br<\/a> no aba Concursos e tamb\u00e9m no <a href=\"https:\/\/imprensaoficialmunicipal.com.br\/santa_rita_do_passa_quatro\">Di\u00e1rio Oficial Eletr\u00f4nico do Munic\u00edpio.<\/a><\/p>\n<p>O Programa Aux\u00edlio ao Desempregado foi criado pela Lei N\u00ba 3.351, de 18 de abril de 2017, com objetivo de oferecer oportunidades \u00e0 popula\u00e7\u00e3o mais carente, para enfrentar a crise e ao desemprego.<\/p>\n<p>&nbsp;<\/p>\n","protected":false},"excerpt":{"rendered":"<p>A\u00e7\u00e3o far\u00e1 nova sele\u00e7\u00e3o de desempregados para frente de trabalho; contratos ter\u00e3o validade de um ano e selecionados ir\u00e3o contar<\/p>\n","protected":false},"author":1,"featured_media":896,"comment_status":"closed","ping_status":"open","sticky":false,"template":"","format":"standard","meta":{"footnotes":""},"categories":[56],"tags":[],"class_list":["post-1104","post","type-post","status-publish","format-standard","has-post-thumbnail","hentry","category-oportunidade"],"_links":{"self":[{"href":"https:\/\/www.santaritadopassaquatro.sp.gov.br\/portal\/wp-json\/wp\/v2\/posts\/1104","targetHints":{"allow":["GET"]}}],"collection":[{"href":"https:\/\/www.santaritadopassaquatro.sp.gov.br\/portal\/wp-json\/wp\/v2\/posts"}],"about":[{"href":"https:\/\/www.santaritadopassaquatro.sp.gov.br\/portal\/wp-json\/wp\/v2\/types\/post"}],"author":[{"embeddable":true,"href":"https:\/\/www.santaritadopassaquatro.sp.gov.br\/portal\/wp-json\/wp\/v2\/users\/1"}],"replies":[{"embeddable":true,"href":"https:\/\/www.santaritadopassaquatro.sp.gov.br\/portal\/wp-json\/wp\/v2\/comments?post=1104"}],"version-history":[{"count":0,"href":"https:\/\/www.santaritadopassaquatro.sp.gov.br\/portal\/wp-json\/wp\/v2\/posts\/1104\/revisions"}],"wp:featuredmedia":[{"embeddable":true,"href":"https:\/\/www.santaritadopassaquatro.sp.gov.br\/portal\/wp-json\/wp\/v2\/media\/896"}],"wp:attachment":[{"href":"https:\/\/www.santaritadopassaquatro.sp.gov.br\/portal\/wp-json\/wp\/v2\/media?parent=1104"}],"wp:term":[{"taxonomy":"category","embeddable":true,"href":"https:\/\/www.santaritadopassaquatro.sp.gov.br\/portal\/wp-json\/wp\/v2\/categories?post=1104"},{"taxonomy":"post_tag","embeddable":true,"href":"https:\/\/www.santaritadopassaquatro.sp.gov.br\/portal\/wp-json\/wp\/v2\/tags?post=1104"}],"curies":[{"name":"wp","href":"https:\/\/api.w.org\/{rel}","templated":true}]}}