{"id":1106,"date":"2019-03-29T11:01:34","date_gmt":"2019-03-29T14:01:34","guid":{"rendered":"http:\/\/www.santaritadopassaquatro.sp.gov.br\/portal\/?p=1106"},"modified":"2019-03-29T11:01:34","modified_gmt":"2019-03-29T14:01:34","slug":"1a-conferencia-municipal-da-saude-acontece-na-proxima-sexta-feira","status":"publish","type":"post","link":"https:\/\/www.santaritadopassaquatro.sp.gov.br\/portal\/1a-conferencia-municipal-da-saude-acontece-na-proxima-sexta-feira\/","title":{"rendered":"1\u00aa Confer\u00eancia Municipal da Sa\u00fade acontece na pr\u00f3xima sexta-feira"},"content":{"rendered":"<p><strong><em>Evento acontece no Centro Cultural M\u00e1rio Covas e toda popula\u00e7\u00e3o est\u00e1 convidada<\/em><\/strong><\/p>\n<p>&nbsp;<\/p>\n<figure id=\"attachment_996\" aria-describedby=\"caption-attachment-996\" style=\"width: 300px\" class=\"wp-caption alignleft\"><img decoding=\"async\" class=\"wp-image-996 size-medium\" src=\"http:\/\/www.santaritadopassaquatro.sp.gov.br\/portal\/wp-content\/uploads\/2019\/03\/reuniao_conferencia_municipal_saude-300x200.jpg\" alt=\"\" width=\"300\" height=\"200\" srcset=\"https:\/\/www.santaritadopassaquatro.sp.gov.br\/portal\/wp-content\/uploads\/2019\/03\/reuniao_conferencia_municipal_saude-300x200.jpg 300w, https:\/\/www.santaritadopassaquatro.sp.gov.br\/portal\/wp-content\/uploads\/2019\/03\/reuniao_conferencia_municipal_saude-768x512.jpg 768w, https:\/\/www.santaritadopassaquatro.sp.gov.br\/portal\/wp-content\/uploads\/2019\/03\/reuniao_conferencia_municipal_saude-1024x683.jpg 1024w\" sizes=\"(max-width: 300px) 100vw, 300px\" \/><figcaption id=\"caption-attachment-996\" class=\"wp-caption-text\"><span style=\"font-size: 8pt; color: #999999;\"><em><strong>Participantes de reuni\u00e3o em prepara\u00e7\u00e3o da Confer\u00eancia Municipal da Sa\u00fade (AssCom\/Divulga\u00e7\u00e3o) <\/strong><\/em><\/span><\/figcaption><\/figure>\n<p>A popula\u00e7\u00e3o de Santa Rita do Passa Quatro poder\u00e1 participar e opinar sobre um dos assuntos mais importantes da atualidade, a sa\u00fade p\u00fablica. Na pr\u00f3xima sexta-feira, dia 5 de abril, das 8h \u00e0s 17 horas, acontece no Centro Cultural Mario Covas a 1\u00aa Confer\u00eancia Municipal da Sa\u00fade Santa Rita do Passa Quatro.<\/p>\n<p>Promovido Conselho Municipal de Sa\u00fade, com apoio do pelo Departamento Municipal de Sa\u00fade, o evento ir\u00e1 debater o tema \u201cA consolida\u00e7\u00e3o do SUS para manuten\u00e7\u00e3o do direito a Sa\u00fade\u201d e toda popula\u00e7\u00e3o est\u00e1 convidada a participar.<\/p>\n<p>Nas semana j\u00e1 foram realizadas quatro pr\u00e9-confer\u00eancias na Santa Casa, CAIS-SR, CCI Santa Cruz da Estrela e C\u00e2mara Municipal, em prepara\u00e7\u00e3o para a Confer\u00eancia Municipal.<\/p>\n<p>As confer\u00eancias municipais acontecem em prepara\u00e7\u00e3o \u00e0 Confer\u00eancia Nacional da Sa\u00fade que acontece em Bras\u00edlia, no pr\u00f3ximo m\u00eas de agosto.<\/p>\n<p>&nbsp;<\/p>\n<blockquote><p><strong>SERVI\u00c7O<\/strong><\/p>\n<p><strong>CONFER\u00caNCIA MUNICIPAL DA SA\u00daDE<\/strong><\/p>\n<p><strong>Data e hor\u00e1rio:<\/strong> Dia 5 de abril de 2019, sexta-feira, \u00e0 partir das 8 horas<\/p>\n<p><strong>Local:<\/strong> Centro Cultural M\u00e1rio Covas<\/p>\n<p><strong>Aberto ao p\u00fablico.<\/strong><\/p><\/blockquote>\n<p>&nbsp;<\/p>\n<p><strong>\u00a0<\/strong><\/p>\n<p>&nbsp;<\/p>\n<p>&nbsp;<\/p>\n","protected":false},"excerpt":{"rendered":"<p>Evento acontece no Centro Cultural M\u00e1rio Covas e toda popula\u00e7\u00e3o est\u00e1 convidada &nbsp; A popula\u00e7\u00e3o de Santa Rita do Passa<\/p>\n","protected":false},"author":1,"featured_media":996,"comment_status":"closed","ping_status":"open","sticky":false,"template":"","format":"standard","meta":{"footnotes":""},"categories":[48,52,58],"tags":[],"class_list":["post-1106","post","type-post","status-publish","format-standard","has-post-thumbnail","hentry","category-featured","category-latest","category-health"],"_links":{"self":[{"href":"https:\/\/www.santaritadopassaquatro.sp.gov.br\/portal\/wp-json\/wp\/v2\/posts\/1106","targetHints":{"allow":["GET"]}}],"collection":[{"href":"https:\/\/www.santaritadopassaquatro.sp.gov.br\/portal\/wp-json\/wp\/v2\/posts"}],"about":[{"href":"https:\/\/www.santaritadopassaquatro.sp.gov.br\/portal\/wp-json\/wp\/v2\/types\/post"}],"author":[{"embeddable":true,"href":"https:\/\/www.santaritadopassaquatro.sp.gov.br\/portal\/wp-json\/wp\/v2\/users\/1"}],"replies":[{"embeddable":true,"href":"https:\/\/www.santaritadopassaquatro.sp.gov.br\/portal\/wp-json\/wp\/v2\/comments?post=1106"}],"version-history":[{"count":0,"href":"https:\/\/www.santaritadopassaquatro.sp.gov.br\/portal\/wp-json\/wp\/v2\/posts\/1106\/revisions"}],"wp:featuredmedia":[{"embeddable":true,"href":"https:\/\/www.santaritadopassaquatro.sp.gov.br\/portal\/wp-json\/wp\/v2\/media\/996"}],"wp:attachment":[{"href":"https:\/\/www.santaritadopassaquatro.sp.gov.br\/portal\/wp-json\/wp\/v2\/media?parent=1106"}],"wp:term":[{"taxonomy":"category","embeddable":true,"href":"https:\/\/www.santaritadopassaquatro.sp.gov.br\/portal\/wp-json\/wp\/v2\/categories?post=1106"},{"taxonomy":"post_tag","embeddable":true,"href":"https:\/\/www.santaritadopassaquatro.sp.gov.br\/portal\/wp-json\/wp\/v2\/tags?post=1106"}],"curies":[{"name":"wp","href":"https:\/\/api.w.org\/{rel}","templated":true}]}}