{"id":11070,"date":"2025-02-12T17:00:21","date_gmt":"2025-02-12T20:00:21","guid":{"rendered":"https:\/\/www.santaritadopassaquatro.sp.gov.br\/portal\/?p=11070"},"modified":"2025-02-12T17:00:23","modified_gmt":"2025-02-12T20:00:23","slug":"%f0%9f%8e%89-nossas-ferias-em-movimento-2025-ja-comecaram","status":"publish","type":"post","link":"https:\/\/www.santaritadopassaquatro.sp.gov.br\/portal\/%f0%9f%8e%89-nossas-ferias-em-movimento-2025-ja-comecaram\/","title":{"rendered":"\ud83c\udf89 Nossas F\u00e9rias em Movimento 2025 j\u00e1 come\u00e7aram!"},"content":{"rendered":"\n<p>As atividades est\u00e3o a todo vapor, garantindo muita divers\u00e3o e aprendizado para 200 crian\u00e7as de 5 a 12 anos! \ud83c\udfc3\u200d\u2642\ufe0f\ud83d\udc67<br>O projeto, realizado pelo Departamento de Assist\u00eancia Social por meio do CRAS, conta com brincadeiras, gincanas, piscina, oficinas culturais e muito mais at\u00e9 o dia 31 de janeiro.<br>Na abertura, tivemos a alegria de contar com a presen\u00e7a do Prefeito Marcelo Sim\u00e3o, da Vice-Prefeita Ariana Jamus Pupo, da Presidente do Fundo Social Fabricia Roberta Viana, da Diretora de Assist\u00eancia Social Patricia Mion, da Coordenadora do CRAS Nayane Milhoci de Almeida e uma equipe incr\u00edvel de colaboradores!<br>\ud83d\udc40 Fiquem de olho: as pr\u00f3ximas atividades prometem ainda mais anima\u00e7\u00e3o aqui nas Redes!<br>\ud83d\udc9b Estamos juntos por momentos inesquec\u00edveis para as realidades de nossas crian\u00e7as!<\/p>\n\n\n\n<figure class=\"wp-block-gallery has-nested-images columns-default is-cropped wp-block-gallery-1 is-layout-flex wp-block-gallery-is-layout-flex\">\n<figure class=\"wp-block-image size-large\"><img decoding=\"async\" width=\"1600\" height=\"1600\" data-id=\"11072\" src=\"https:\/\/www.santaritadopassaquatro.sp.gov.br\/portal\/wp-content\/uploads\/2025\/02\/4a4a2389-4ca4-478c-bfdd-5cbac2f02329.jpg\" alt=\"\" class=\"wp-image-11072\"\/><\/figure>\n\n\n\n<figure class=\"wp-block-image size-large\"><img decoding=\"async\" width=\"1600\" height=\"1600\" data-id=\"11074\" src=\"https:\/\/www.santaritadopassaquatro.sp.gov.br\/portal\/wp-content\/uploads\/2025\/02\/563cd6c3-4427-4ee6-a494-69873c8fa7e3-1.jpg\" alt=\"\" class=\"wp-image-11074\"\/><\/figure>\n\n\n\n<figure class=\"wp-block-image size-large\"><img decoding=\"async\" width=\"1600\" height=\"1600\" data-id=\"11073\" src=\"https:\/\/www.santaritadopassaquatro.sp.gov.br\/portal\/wp-content\/uploads\/2025\/02\/3365d48c-cbab-4e52-a5ea-ce6f90255176.jpg\" alt=\"\" class=\"wp-image-11073\"\/><\/figure>\n\n\n\n<figure class=\"wp-block-image size-large\"><img decoding=\"async\" width=\"1600\" height=\"1600\" data-id=\"11075\" src=\"https:\/\/www.santaritadopassaquatro.sp.gov.br\/portal\/wp-content\/uploads\/2025\/02\/445520cf-31f9-4e72-b6d6-b4eab9b8629b.jpg\" alt=\"\" class=\"wp-image-11075\"\/><\/figure>\n<\/figure>\n","protected":false},"excerpt":{"rendered":"<p>As atividades est\u00e3o a todo vapor, garantindo muita divers\u00e3o e aprendizado para 200 crian\u00e7as de 5 a 12 anos! \ud83c\udfc3\u200d\u2642\ufe0f\ud83d\udc67O<\/p>\n","protected":false},"author":1,"featured_media":11071,"comment_status":"closed","ping_status":"open","sticky":false,"template":"","format":"standard","meta":{"footnotes":""},"categories":[43,52],"tags":[],"class_list":["post-11070","post","type-post","status-publish","format-standard","has-post-thumbnail","hentry","category-assistenciasocial","category-latest"],"_links":{"self":[{"href":"https:\/\/www.santaritadopassaquatro.sp.gov.br\/portal\/wp-json\/wp\/v2\/posts\/11070","targetHints":{"allow":["GET"]}}],"collection":[{"href":"https:\/\/www.santaritadopassaquatro.sp.gov.br\/portal\/wp-json\/wp\/v2\/posts"}],"about":[{"href":"https:\/\/www.santaritadopassaquatro.sp.gov.br\/portal\/wp-json\/wp\/v2\/types\/post"}],"author":[{"embeddable":true,"href":"https:\/\/www.santaritadopassaquatro.sp.gov.br\/portal\/wp-json\/wp\/v2\/users\/1"}],"replies":[{"embeddable":true,"href":"https:\/\/www.santaritadopassaquatro.sp.gov.br\/portal\/wp-json\/wp\/v2\/comments?post=11070"}],"version-history":[{"count":1,"href":"https:\/\/www.santaritadopassaquatro.sp.gov.br\/portal\/wp-json\/wp\/v2\/posts\/11070\/revisions"}],"predecessor-version":[{"id":11076,"href":"https:\/\/www.santaritadopassaquatro.sp.gov.br\/portal\/wp-json\/wp\/v2\/posts\/11070\/revisions\/11076"}],"wp:featuredmedia":[{"embeddable":true,"href":"https:\/\/www.santaritadopassaquatro.sp.gov.br\/portal\/wp-json\/wp\/v2\/media\/11071"}],"wp:attachment":[{"href":"https:\/\/www.santaritadopassaquatro.sp.gov.br\/portal\/wp-json\/wp\/v2\/media?parent=11070"}],"wp:term":[{"taxonomy":"category","embeddable":true,"href":"https:\/\/www.santaritadopassaquatro.sp.gov.br\/portal\/wp-json\/wp\/v2\/categories?post=11070"},{"taxonomy":"post_tag","embeddable":true,"href":"https:\/\/www.santaritadopassaquatro.sp.gov.br\/portal\/wp-json\/wp\/v2\/tags?post=11070"}],"curies":[{"name":"wp","href":"https:\/\/api.w.org\/{rel}","templated":true}]}}