{"id":1111,"date":"2019-03-29T11:05:18","date_gmt":"2019-03-29T14:05:18","guid":{"rendered":"http:\/\/www.santaritadopassaquatro.sp.gov.br\/portal\/?p=1111"},"modified":"2019-03-29T11:05:18","modified_gmt":"2019-03-29T14:05:18","slug":"presidente-da-aprecesp-prefeito-tem-agenda-na-assembleia-legislativa-de-sp","status":"publish","type":"post","link":"https:\/\/www.santaritadopassaquatro.sp.gov.br\/portal\/presidente-da-aprecesp-prefeito-tem-agenda-na-assembleia-legislativa-de-sp\/","title":{"rendered":"Presidente da Aprecesp, prefeito tem agenda na Assembleia Legislativa de SP"},"content":{"rendered":"<p><strong><em>Leandro Luciano dos Santos esteve com os deputados Cau\u00ea Macris, presidente da Alesp, e Edmir Chedid\u00a0 <\/em><\/strong><\/p>\n<p><strong><em>\u00a0<\/em><\/strong><\/p>\n<figure id=\"attachment_1113\" aria-describedby=\"caption-attachment-1113\" style=\"width: 300px\" class=\"wp-caption alignleft\"><img decoding=\"async\" class=\"wp-image-1113 size-medium\" src=\"http:\/\/www.santaritadopassaquatro.sp.gov.br\/portal\/wp-content\/uploads\/2019\/03\/prefeito_caue_macris_27mar19-300x225.jpeg\" alt=\"\" width=\"300\" height=\"225\" srcset=\"https:\/\/www.santaritadopassaquatro.sp.gov.br\/portal\/wp-content\/uploads\/2019\/03\/prefeito_caue_macris_27mar19-300x225.jpeg 300w, https:\/\/www.santaritadopassaquatro.sp.gov.br\/portal\/wp-content\/uploads\/2019\/03\/prefeito_caue_macris_27mar19-768x576.jpeg 768w, https:\/\/www.santaritadopassaquatro.sp.gov.br\/portal\/wp-content\/uploads\/2019\/03\/prefeito_caue_macris_27mar19-1024x768.jpeg 1024w, https:\/\/www.santaritadopassaquatro.sp.gov.br\/portal\/wp-content\/uploads\/2019\/03\/prefeito_caue_macris_27mar19.jpeg 1280w\" sizes=\"(max-width: 300px) 100vw, 300px\" \/><figcaption id=\"caption-attachment-1113\" class=\"wp-caption-text\"><span style=\"font-size: 8pt; color: #999999;\"><em><strong>O prefeito de Santa Rita com o presidente da Assembleia, no plen\u00e1rio em S\u00e3o Paulo (Divulga\u00e7\u00e3o)<\/strong><\/em><\/span><\/figcaption><\/figure>\n<p>Esta semana o prefeito de Santa Rita do Passa Quatro, Leandro Luciano dos Santos, cumpriu mais um compromisso como presidente da Associa\u00e7\u00e3o das Prefeituras Est\u00e2ncias do Estado de S\u00e3o Paulo (Aprecesp). Na \u00faltima quarta-feira (27\/3), o prefeito recebido no Plen\u00e1rio da Assembleia Legislativa do Estado de S\u00e3o Paulo, pelo presidente reeleito da Casa, o deputado Cau\u00ea Macris (PSDB).<\/p>\n<p>Na pauta da conversa, al\u00e9m da libera\u00e7\u00e3o de recursos para Santa Rita e as 70 Est\u00e2ncias Tur\u00edsticas do Estado de S\u00e3o Paulo, o prefeito e o deputado conversaram sobre investimentos no turismo na regi\u00e3o e o futuro do PSDB, partido de ambos, na regi\u00e3o.<\/p>\n<figure id=\"attachment_1112\" aria-describedby=\"caption-attachment-1112\" style=\"width: 300px\" class=\"wp-caption alignright\"><img decoding=\"async\" class=\"wp-image-1112 size-medium\" src=\"http:\/\/www.santaritadopassaquatro.sp.gov.br\/portal\/wp-content\/uploads\/2019\/03\/prefeito_edimir_chedid-300x186.jpeg\" alt=\"\" width=\"300\" height=\"186\" srcset=\"https:\/\/www.santaritadopassaquatro.sp.gov.br\/portal\/wp-content\/uploads\/2019\/03\/prefeito_edimir_chedid-300x186.jpeg 300w, https:\/\/www.santaritadopassaquatro.sp.gov.br\/portal\/wp-content\/uploads\/2019\/03\/prefeito_edimir_chedid-768x477.jpeg 768w, https:\/\/www.santaritadopassaquatro.sp.gov.br\/portal\/wp-content\/uploads\/2019\/03\/prefeito_edimir_chedid-1024x636.jpeg 1024w, https:\/\/www.santaritadopassaquatro.sp.gov.br\/portal\/wp-content\/uploads\/2019\/03\/prefeito_edimir_chedid.jpeg 1280w\" sizes=\"(max-width: 300px) 100vw, 300px\" \/><figcaption id=\"caption-attachment-1112\" class=\"wp-caption-text\"><span style=\"font-size: 8pt; color: #999999;\"><em><strong>Os prefeitos de Santa Rita e Holambra com o Edmir Chedid, oconhecido como \u201cDeputado do Turismo\u201d \u00a0(Divulga\u00e7\u00e3o)<\/strong><\/em><\/span><\/figcaption><\/figure>\n<p>Em outro encontro, Leandro esteve com o tamb\u00e9m deputado estadual Edmir Chedid (DEM), acompanhado do seu companheiro na diretoria da Aprecesp, o prefeito de Holambra, Fernando Fiori de Godoy. Conhecido como \u201cDeputado do Turismo\u201d, Chedid \u00e9 filho do prefeito de Bragan\u00e7a Jesus Adib Abi Chedid, membro do Conselho Fiscal da Aprocesp.<\/p>\n<p>\u201cEsta semana estive com duas grandes lideran\u00e7as do Estado de S\u00e3o Paulo, o presidente da Assembleia, Cau\u00ea Macris, e o atuante deputado Edmir Chedid, conhecido na Aprecesp como \u2018Deputado do Turismo\u2019. A cada dia, com nossa forma simples e humilde de ser, atrav\u00e9s do relacionamento com esses deputados, Santa Rita consegue cada vez mais conquistas\u201d, disse o prefeito.<\/p>\n<p>A pr\u00f3xima Reuni\u00e3o de Prefeitos da Aprecesp acontece na est\u00e2ncia balne\u00e1ria do Guaruj\u00e1, no pr\u00f3ximo dia 6 de abril.<\/p>\n<p><strong>\u00a0<\/strong><\/p>\n<p>&nbsp;<\/p>\n","protected":false},"excerpt":{"rendered":"<p>Leandro Luciano dos Santos esteve com os deputados Cau\u00ea Macris, presidente da Alesp, e Edmir Chedid\u00a0 \u00a0 Esta semana o<\/p>\n","protected":false},"author":1,"featured_media":1113,"comment_status":"closed","ping_status":"open","sticky":false,"template":"","format":"standard","meta":{"footnotes":""},"categories":[52,57,60],"tags":[],"class_list":["post-1111","post","type-post","status-publish","format-standard","has-post-thumbnail","hentry","category-latest","category-politics","category-turismo"],"_links":{"self":[{"href":"https:\/\/www.santaritadopassaquatro.sp.gov.br\/portal\/wp-json\/wp\/v2\/posts\/1111","targetHints":{"allow":["GET"]}}],"collection":[{"href":"https:\/\/www.santaritadopassaquatro.sp.gov.br\/portal\/wp-json\/wp\/v2\/posts"}],"about":[{"href":"https:\/\/www.santaritadopassaquatro.sp.gov.br\/portal\/wp-json\/wp\/v2\/types\/post"}],"author":[{"embeddable":true,"href":"https:\/\/www.santaritadopassaquatro.sp.gov.br\/portal\/wp-json\/wp\/v2\/users\/1"}],"replies":[{"embeddable":true,"href":"https:\/\/www.santaritadopassaquatro.sp.gov.br\/portal\/wp-json\/wp\/v2\/comments?post=1111"}],"version-history":[{"count":0,"href":"https:\/\/www.santaritadopassaquatro.sp.gov.br\/portal\/wp-json\/wp\/v2\/posts\/1111\/revisions"}],"wp:featuredmedia":[{"embeddable":true,"href":"https:\/\/www.santaritadopassaquatro.sp.gov.br\/portal\/wp-json\/wp\/v2\/media\/1113"}],"wp:attachment":[{"href":"https:\/\/www.santaritadopassaquatro.sp.gov.br\/portal\/wp-json\/wp\/v2\/media?parent=1111"}],"wp:term":[{"taxonomy":"category","embeddable":true,"href":"https:\/\/www.santaritadopassaquatro.sp.gov.br\/portal\/wp-json\/wp\/v2\/categories?post=1111"},{"taxonomy":"post_tag","embeddable":true,"href":"https:\/\/www.santaritadopassaquatro.sp.gov.br\/portal\/wp-json\/wp\/v2\/tags?post=1111"}],"curies":[{"name":"wp","href":"https:\/\/api.w.org\/{rel}","templated":true}]}}