{"id":11117,"date":"2025-02-12T17:08:28","date_gmt":"2025-02-12T20:08:28","guid":{"rendered":"https:\/\/www.santaritadopassaquatro.sp.gov.br\/portal\/?p=11117"},"modified":"2025-02-12T17:08:30","modified_gmt":"2025-02-12T20:08:30","slug":"%f0%9f%8f%a5-ubs-da-vila-kennedy-iniciara-obras-em-breve","status":"publish","type":"post","link":"https:\/\/www.santaritadopassaquatro.sp.gov.br\/portal\/%f0%9f%8f%a5-ubs-da-vila-kennedy-iniciara-obras-em-breve\/","title":{"rendered":"\ud83c\udfe5 UBS DA VILA KENNEDY INICIAR\u00c1 OBRAS EM BREVE!"},"content":{"rendered":"\n<p>A Prefeitura Municipal de Santa Rita do Passa Quatro est\u00e1 celebrando um importante avan\u00e7o para a sa\u00fade da popula\u00e7\u00e3o: o projeto da nova Unidade B\u00e1sica de Sa\u00fade da Vila Kennedy est\u00e1 em fase final de desenvolvimento t\u00e9cnico e tem in\u00edcio das obras previsto para os pr\u00f3ximos meses.<br>Com um investimento de 2 milh\u00f5es de reais do Novo PAC \u2013 Programa de Acelera\u00e7\u00e3o do Crescimento, a UBS ampliar\u00e1 a rede de aten\u00e7\u00e3o b\u00e1sica do munic\u00edpio, oferecendo servi\u00e7os como cl\u00ednica geral, pediatria, ginecologia, odontologia e farm\u00e1cia. O objetivo \u00e9 atender cerca de 4 mil pessoas, garantindo acesso \u00e0 sa\u00fade com qualidade.<br>Essa conquista foi viabilizada pela articula\u00e7\u00e3o do Prefeito Marcelo Sim\u00e3o, Vereador Fernando Borges, Deputado Federal Jonas Donizette e do assessor Fabio Manzini, do Minist\u00e9rio das Rela\u00e7\u00f5es Institucionais.<br>\ud83d\udc77\u200d\u2642\ufe0f Previs\u00e3o de entrega: at\u00e9 o final de 2025<br>Santa Rita do Passa Quatro &#8211; Cidade Poema! \ud83d\udc9a<\/p>\n","protected":false},"excerpt":{"rendered":"<p>A Prefeitura Municipal de Santa Rita do Passa Quatro est\u00e1 celebrando um importante avan\u00e7o para a sa\u00fade da popula\u00e7\u00e3o: o<\/p>\n","protected":false},"author":1,"featured_media":11118,"comment_status":"closed","ping_status":"open","sticky":false,"template":"","format":"standard","meta":{"footnotes":""},"categories":[52,58],"tags":[],"class_list":["post-11117","post","type-post","status-publish","format-standard","has-post-thumbnail","hentry","category-latest","category-health"],"_links":{"self":[{"href":"https:\/\/www.santaritadopassaquatro.sp.gov.br\/portal\/wp-json\/wp\/v2\/posts\/11117","targetHints":{"allow":["GET"]}}],"collection":[{"href":"https:\/\/www.santaritadopassaquatro.sp.gov.br\/portal\/wp-json\/wp\/v2\/posts"}],"about":[{"href":"https:\/\/www.santaritadopassaquatro.sp.gov.br\/portal\/wp-json\/wp\/v2\/types\/post"}],"author":[{"embeddable":true,"href":"https:\/\/www.santaritadopassaquatro.sp.gov.br\/portal\/wp-json\/wp\/v2\/users\/1"}],"replies":[{"embeddable":true,"href":"https:\/\/www.santaritadopassaquatro.sp.gov.br\/portal\/wp-json\/wp\/v2\/comments?post=11117"}],"version-history":[{"count":1,"href":"https:\/\/www.santaritadopassaquatro.sp.gov.br\/portal\/wp-json\/wp\/v2\/posts\/11117\/revisions"}],"predecessor-version":[{"id":11119,"href":"https:\/\/www.santaritadopassaquatro.sp.gov.br\/portal\/wp-json\/wp\/v2\/posts\/11117\/revisions\/11119"}],"wp:featuredmedia":[{"embeddable":true,"href":"https:\/\/www.santaritadopassaquatro.sp.gov.br\/portal\/wp-json\/wp\/v2\/media\/11118"}],"wp:attachment":[{"href":"https:\/\/www.santaritadopassaquatro.sp.gov.br\/portal\/wp-json\/wp\/v2\/media?parent=11117"}],"wp:term":[{"taxonomy":"category","embeddable":true,"href":"https:\/\/www.santaritadopassaquatro.sp.gov.br\/portal\/wp-json\/wp\/v2\/categories?post=11117"},{"taxonomy":"post_tag","embeddable":true,"href":"https:\/\/www.santaritadopassaquatro.sp.gov.br\/portal\/wp-json\/wp\/v2\/tags?post=11117"}],"curies":[{"name":"wp","href":"https:\/\/api.w.org\/{rel}","templated":true}]}}