{"id":1118,"date":"2019-04-03T14:40:37","date_gmt":"2019-04-03T17:40:37","guid":{"rendered":"http:\/\/www.santaritadopassaquatro.sp.gov.br\/portal\/?p=1118"},"modified":"2019-05-03T14:20:26","modified_gmt":"2019-05-03T17:20:26","slug":"alimentacao-escolar-cardapio-abril-2019","status":"publish","type":"post","link":"https:\/\/www.santaritadopassaquatro.sp.gov.br\/portal\/alimentacao-escolar-cardapio-abril-2019\/","title":{"rendered":"ALIMENTA\u00c7\u00c3O ESCOLAR &#8211;\u00a0CARD\u00c1PIO ABRIL 2019"},"content":{"rendered":"<p style=\"text-align: center;\"><img decoding=\"async\" class=\"alignnone size-medium wp-image-816\" src=\"http:\/\/www.santaritadopassaquatro.sp.gov.br\/portal\/wp-content\/uploads\/2019\/02\/ILAN60141-300x206.jpg\" alt=\"\" width=\"300\" height=\"206\" srcset=\"https:\/\/www.santaritadopassaquatro.sp.gov.br\/portal\/wp-content\/uploads\/2019\/02\/ILAN60141-300x206.jpg 300w, https:\/\/www.santaritadopassaquatro.sp.gov.br\/portal\/wp-content\/uploads\/2019\/02\/ILAN60141-130x90.jpg 130w, https:\/\/www.santaritadopassaquatro.sp.gov.br\/portal\/wp-content\/uploads\/2019\/02\/ILAN60141.jpg 463w\" sizes=\"(max-width: 300px) 100vw, 300px\" \/><\/p>\n<p>(EMEI, ENSINO FUNDAMENTAL E ENSINO M\u00c9DIO)<\/p>\n<p>&nbsp;<\/p>\n<p><strong>Segunda-feira &#8211; 1 de abril:<br \/>\n<\/strong>Arroz de forno e feij\u00e3o preto<\/p>\n<p><strong>Ter\u00e7a-feira &#8211; 2 de abril:<br \/>\n<\/strong>Arroz, feij\u00e3o, carne em cubos c\/ batata<\/p>\n<p><strong>Quarta-feira &#8211; 3 de abril:<br \/>\n<\/strong>Arroz, feij\u00e3o, polenta ao molho e carne em tiras.<\/p>\n<p><strong>Quinta-feira &#8211; 4 de abril:<br \/>\n<\/strong>Arroz, feij\u00e3o e salada de legumes.<\/p>\n<p><strong>Sexta-feira &#8211; 5 de abril:<br \/>\n<\/strong>Macarr\u00e3o ao molho e lingui\u00e7a toscana.<\/p>\n<p><strong>\u00a0<\/strong><\/p>\n<p><strong>Segunda-feira &#8211; 8 de abril:<br \/>\n<\/strong>Arroz, feij\u00e3o e pernil c\/ batata.<\/p>\n<p><strong>Ter\u00e7a-feira &#8211; 9 de abril:<br \/>\n<\/strong>Arroz, feij\u00e3o e polenta ao molho bolonhesa<strong>. <\/strong><\/p>\n<p><strong>Quarta-feira &#8211; 10 de abril:<br \/>\n<\/strong>Risoto de salsicha e feij\u00e3o preto.<\/p>\n<p><strong>Quinta-feira &#8211; 11 de abril:<br \/>\n<\/strong>Arroz, feij\u00e3o e strogonoff de frango.<\/p>\n<p><strong>Sexta-feira &#8211; 12 de abril:<br \/>\n<\/strong>Macarr\u00e3o ao molho de atum.<\/p>\n<p>&nbsp;<\/p>\n<p><strong>Segunda-feira &#8211; 15 de abril:<br \/>\n<\/strong>Arroz, feij\u00e3o preto e farofa primavera.<\/p>\n<p><strong>Ter\u00e7a-feira &#8211; 16 de abril:<br \/>\n<\/strong>Arroz, feij\u00e3o, carne em tiras com mandioquinha e cenoura.<\/p>\n<p><strong>Quarta-feira &#8211; 17 de abril:<br \/>\n<\/strong>Macarr\u00e3o ao molho de lingui\u00e7a calabresa.<\/p>\n<p><strong>Quinta-feira &#8211; 18 de abril:<br \/>\n<\/strong>Ponto facultativo.<\/p>\n<p><strong>Sexta-feira &#8211; 19 de abril:<br \/>\n<\/strong>Feriado.<\/p>\n<p>&nbsp;<\/p>\n<p><strong>Segunda-feira &#8211; 22 de abril:<br \/>\n<\/strong>Arroz, feij\u00e3o e strogonoff de carne.<\/p>\n<p><strong>Ter\u00e7a-feira &#8211; 23 de abril:<br \/>\n<\/strong>Arroz, feij\u00e3o e salsicha com batata.<\/p>\n<p><strong>Quarta-feira &#8211; 24 de abril:<br \/>\n<\/strong>Arroz, feij\u00e3o, carne mo\u00edda com tomate, milho e ervilha.<\/p>\n<p><strong>Quinta-feira &#8211; 25 de abril:<br \/>\n<\/strong>Arroz, feij\u00e3o e frango com legumes.<\/p>\n<p><strong>Sexta-feira &#8211; 26 de abril:<br \/>\n<\/strong>Macarr\u00e3o ao molho com mini alm\u00f4ndegas.<\/p>\n<p><strong>\u00a0<\/strong><\/p>\n<p><strong>Segunda-feira &#8211; 29 de abril:<br \/>\n<\/strong>Arroz, feij\u00e3o e polenta ao molho de salsicha.<\/p>\n<p><strong>Ter\u00e7a-feira &#8211; 30 de abril:<br \/>\n<\/strong>Arroz, feij\u00e3o e carne em cubos com batata.<\/p>\n<p>&nbsp;<\/p>\n<p>&nbsp;<\/p>\n<p>1\u00aa semana: folha\/legumes: pepino &#8211; fruta: fruta: tangerina poncam e caqui.<\/p>\n<p>2\u00aa semana: folha\/legumes: tomate &#8211;\u00a0 fruta: banana nanica e goiaba.<\/p>\n<p>3\u00aa semana: folha\/legumes: br\u00f3colis &#8211; fruta: melancia e mam\u00e3o.<\/p>\n<p>4\u00aa semana: folhas\/legumes: repolho &#8211; fruta: ma\u00e7\u00e3 e ameixa.<\/p>\n<p>&nbsp;<\/p>\n<p>&nbsp;<\/p>\n<p>&nbsp;<\/p>\n<p><strong>Observa\u00e7\u00e3o: <\/strong><em>card\u00e1pio sujeito a altera\u00e7\u00f5es caso necess\u00e1rio\u00a0\u00a0\u00a0\u00a0\u00a0\u00a0\u00a0\u00a0\u00a0 .\u00a0\u00a0\u00a0\u00a0\u00a0\u00a0\u00a0\u00a0\u00a0\u00a0\u00a0\u00a0\u00a0\u00a0\u00a0\u00a0\u00a0\u00a0\u00a0\u00a0\u00a0\u00a0 <\/em><\/p>\n<p><strong>Nutricionista respons\u00e1vel t\u00e9cnica: <em>S\u00edlvia Regina Lorencetti (CRN 33915)<\/em>\u00a0\u00a0\u00a0\u00a0\u00a0\u00a0\u00a0\u00a0\u00a0\u00a0\u00a0\u00a0\u00a0\u00a0\u00a0\u00a0\u00a0\u00a0\u00a0\u00a0\u00a0\u00a0\u00a0\u00a0\u00a0\u00a0\u00a0\u00a0\u00a0\u00a0\u00a0\u00a0\u00a0 <\/strong><\/p>\n<p><strong>\u00a0<\/strong><\/p>\n<p>&nbsp;<\/p>\n<p>&nbsp;<\/p>\n","protected":false},"excerpt":{"rendered":"<p>(EMEI, ENSINO FUNDAMENTAL E ENSINO M\u00c9DIO) &nbsp; Segunda-feira &#8211; 1 de abril: Arroz de forno e feij\u00e3o preto Ter\u00e7a-feira &#8211;<\/p>\n","protected":false},"author":1,"featured_media":816,"comment_status":"closed","ping_status":"open","sticky":false,"template":"","format":"standard","meta":{"footnotes":""},"categories":[32],"tags":[],"class_list":["post-1118","post","type-post","status-publish","format-standard","has-post-thumbnail","hentry","category-merenda-escolar"],"_links":{"self":[{"href":"https:\/\/www.santaritadopassaquatro.sp.gov.br\/portal\/wp-json\/wp\/v2\/posts\/1118","targetHints":{"allow":["GET"]}}],"collection":[{"href":"https:\/\/www.santaritadopassaquatro.sp.gov.br\/portal\/wp-json\/wp\/v2\/posts"}],"about":[{"href":"https:\/\/www.santaritadopassaquatro.sp.gov.br\/portal\/wp-json\/wp\/v2\/types\/post"}],"author":[{"embeddable":true,"href":"https:\/\/www.santaritadopassaquatro.sp.gov.br\/portal\/wp-json\/wp\/v2\/users\/1"}],"replies":[{"embeddable":true,"href":"https:\/\/www.santaritadopassaquatro.sp.gov.br\/portal\/wp-json\/wp\/v2\/comments?post=1118"}],"version-history":[{"count":1,"href":"https:\/\/www.santaritadopassaquatro.sp.gov.br\/portal\/wp-json\/wp\/v2\/posts\/1118\/revisions"}],"predecessor-version":[{"id":1119,"href":"https:\/\/www.santaritadopassaquatro.sp.gov.br\/portal\/wp-json\/wp\/v2\/posts\/1118\/revisions\/1119"}],"wp:featuredmedia":[{"embeddable":true,"href":"https:\/\/www.santaritadopassaquatro.sp.gov.br\/portal\/wp-json\/wp\/v2\/media\/816"}],"wp:attachment":[{"href":"https:\/\/www.santaritadopassaquatro.sp.gov.br\/portal\/wp-json\/wp\/v2\/media?parent=1118"}],"wp:term":[{"taxonomy":"category","embeddable":true,"href":"https:\/\/www.santaritadopassaquatro.sp.gov.br\/portal\/wp-json\/wp\/v2\/categories?post=1118"},{"taxonomy":"post_tag","embeddable":true,"href":"https:\/\/www.santaritadopassaquatro.sp.gov.br\/portal\/wp-json\/wp\/v2\/tags?post=1118"}],"curies":[{"name":"wp","href":"https:\/\/api.w.org\/{rel}","templated":true}]}}