{"id":11185,"date":"2025-02-12T17:19:29","date_gmt":"2025-02-12T20:19:29","guid":{"rendered":"https:\/\/www.santaritadopassaquatro.sp.gov.br\/portal\/?p=11185"},"modified":"2025-02-12T17:19:31","modified_gmt":"2025-02-12T20:19:31","slug":"%f0%9f%a4%9d-parceria-renovada-com-o-senai-sp","status":"publish","type":"post","link":"https:\/\/www.santaritadopassaquatro.sp.gov.br\/portal\/%f0%9f%a4%9d-parceria-renovada-com-o-senai-sp\/","title":{"rendered":"\ud83e\udd1d PARCERIA RENOVADA COM O SENAI-SP!"},"content":{"rendered":"\n<p>Na \u00faltima quinta-feira (23), recebemos no Gabinete do Prefeito Marcelo Sim\u00e3o, o Coordenador de Relacionamento com a Ind\u00fastria do SENAI-SP, Luciano Campaner, para a assinatura do Termo de Concess\u00e3o de Espa\u00e7os, fortalecendo nossa parceria para a realiza\u00e7\u00e3o de novos cursos atrav\u00e9s do Fundo Social de Solidariedade!<br>Estiveram presentes na reuni\u00e3o a Presidente do Fundo Social, Fabr\u00edcia Roberta Viana, e a Oficial Administrativo, Silmara Viana.<br>\ud83d\udcda Alguns cursos j\u00e1 est\u00e3o com inscri\u00e7\u00f5es abertas!<br>\u2705 Eletricista Instalador<br>\u2705 Power BI<br>\ud83d\udccd Inscri\u00e7\u00f5es presenciais no Fundo Social. N\u00e3o perca essa oportunidade!<\/p>\n\n\n\n<figure class=\"wp-block-image size-full\"><img decoding=\"async\" width=\"1600\" height=\"1600\" src=\"https:\/\/www.santaritadopassaquatro.sp.gov.br\/portal\/wp-content\/uploads\/2025\/02\/3db148df-b80d-4bc5-93bc-9b8d81f31d4b.jpg\" alt=\"\" class=\"wp-image-11187\"\/><\/figure>\n","protected":false},"excerpt":{"rendered":"<p>Na \u00faltima quinta-feira (23), recebemos no Gabinete do Prefeito Marcelo Sim\u00e3o, o Coordenador de Relacionamento com a Ind\u00fastria do SENAI-SP,<\/p>\n","protected":false},"author":1,"featured_media":11186,"comment_status":"closed","ping_status":"open","sticky":false,"template":"","format":"standard","meta":{"footnotes":""},"categories":[47,52],"tags":[],"class_list":["post-11185","post","type-post","status-publish","format-standard","has-post-thumbnail","hentry","category-desenvovimento","category-latest"],"_links":{"self":[{"href":"https:\/\/www.santaritadopassaquatro.sp.gov.br\/portal\/wp-json\/wp\/v2\/posts\/11185","targetHints":{"allow":["GET"]}}],"collection":[{"href":"https:\/\/www.santaritadopassaquatro.sp.gov.br\/portal\/wp-json\/wp\/v2\/posts"}],"about":[{"href":"https:\/\/www.santaritadopassaquatro.sp.gov.br\/portal\/wp-json\/wp\/v2\/types\/post"}],"author":[{"embeddable":true,"href":"https:\/\/www.santaritadopassaquatro.sp.gov.br\/portal\/wp-json\/wp\/v2\/users\/1"}],"replies":[{"embeddable":true,"href":"https:\/\/www.santaritadopassaquatro.sp.gov.br\/portal\/wp-json\/wp\/v2\/comments?post=11185"}],"version-history":[{"count":1,"href":"https:\/\/www.santaritadopassaquatro.sp.gov.br\/portal\/wp-json\/wp\/v2\/posts\/11185\/revisions"}],"predecessor-version":[{"id":11188,"href":"https:\/\/www.santaritadopassaquatro.sp.gov.br\/portal\/wp-json\/wp\/v2\/posts\/11185\/revisions\/11188"}],"wp:featuredmedia":[{"embeddable":true,"href":"https:\/\/www.santaritadopassaquatro.sp.gov.br\/portal\/wp-json\/wp\/v2\/media\/11186"}],"wp:attachment":[{"href":"https:\/\/www.santaritadopassaquatro.sp.gov.br\/portal\/wp-json\/wp\/v2\/media?parent=11185"}],"wp:term":[{"taxonomy":"category","embeddable":true,"href":"https:\/\/www.santaritadopassaquatro.sp.gov.br\/portal\/wp-json\/wp\/v2\/categories?post=11185"},{"taxonomy":"post_tag","embeddable":true,"href":"https:\/\/www.santaritadopassaquatro.sp.gov.br\/portal\/wp-json\/wp\/v2\/tags?post=11185"}],"curies":[{"name":"wp","href":"https:\/\/api.w.org\/{rel}","templated":true}]}}