{"id":11214,"date":"2025-02-12T17:24:07","date_gmt":"2025-02-12T20:24:07","guid":{"rendered":"https:\/\/www.santaritadopassaquatro.sp.gov.br\/portal\/?p=11214"},"modified":"2025-02-12T17:24:09","modified_gmt":"2025-02-12T20:24:09","slug":"%f0%9f%93%9a%e2%9c%a8-jornada-pedagogica-2025-%e2%9c%a8%f0%9f%93%9a","status":"publish","type":"post","link":"https:\/\/www.santaritadopassaquatro.sp.gov.br\/portal\/%f0%9f%93%9a%e2%9c%a8-jornada-pedagogica-2025-%e2%9c%a8%f0%9f%93%9a\/","title":{"rendered":"\ud83d\udcda\u2728 Jornada Pedag\u00f3gica 2025 \u2728\ud83d\udcda"},"content":{"rendered":"\n<p>Na \u00faltima quarta-feira (29), a Prefeitura Municipal de Santa Rita do Passa Quatro realizou a Jornada Pedag\u00f3gica de In\u00edcio de Ano, reunindo professores, professoras e todos os profissionais das Unidades Escolares da Rede Municipal de Ensino na sede da ASSEJ.<br>O evento contou com a abertura da Diretora do Departamento de Educa\u00e7\u00e3o, Luciana Fr\u00f6ner, e din\u00e2micas envolventes conduzidas pelo Professor Max Silva. Um dos destaques foi a palestra sobre Perfil Comportamental Infantil, ministrada por Juliana Ayres, Especialista com diversas forma\u00e7\u00f5es em Neuroci\u00eancias, Comportamento e Gest\u00e3o de Pessoas.<br>E para enriquecer ainda mais a forma\u00e7\u00e3o dos nossos educadores, todos os profissionais da rede foram presenteados com um Curso de Extens\u00e3o na \u00c1rea da Educa\u00e7\u00e3o Especial! \ud83c\udf93\ud83d\udc4f<br>Agradecemos ao Fundador da ASSEJ, Reinaldo Juacir Teixeira, por essa oportunidade especial para nossos educadores. Juntos, seguimos fortalecendo a Educa\u00e7\u00e3o em nosso munic\u00edpio! \ud83d\udc9a\ud83d\udcd6<\/p>\n\n\n\n<figure class=\"wp-block-gallery has-nested-images columns-default is-cropped wp-block-gallery-1 is-layout-flex wp-block-gallery-is-layout-flex\">\n<figure class=\"wp-block-image size-large\"><img decoding=\"async\" width=\"1280\" height=\"1600\" data-id=\"11221\" src=\"https:\/\/www.santaritadopassaquatro.sp.gov.br\/portal\/wp-content\/uploads\/2025\/02\/WhatsApp-Image-2025-02-10-at-15.11.03-1-1.jpeg\" alt=\"\" class=\"wp-image-11221\"\/><\/figure>\n\n\n\n<figure class=\"wp-block-image size-large\"><img decoding=\"async\" width=\"1280\" height=\"1600\" data-id=\"11220\" src=\"https:\/\/www.santaritadopassaquatro.sp.gov.br\/portal\/wp-content\/uploads\/2025\/02\/WhatsApp-Image-2025-02-10-at-15.11.03-1.jpeg\" alt=\"\" class=\"wp-image-11220\"\/><\/figure>\n\n\n\n<figure class=\"wp-block-image size-large\"><img decoding=\"async\" width=\"1280\" height=\"1600\" data-id=\"11219\" src=\"https:\/\/www.santaritadopassaquatro.sp.gov.br\/portal\/wp-content\/uploads\/2025\/02\/WhatsApp-Image-2025-02-10-at-15.11.04-1.jpeg\" alt=\"\" class=\"wp-image-11219\"\/><\/figure>\n\n\n\n<figure class=\"wp-block-image size-large\"><img decoding=\"async\" width=\"1280\" height=\"1600\" data-id=\"11216\" src=\"https:\/\/www.santaritadopassaquatro.sp.gov.br\/portal\/wp-content\/uploads\/2025\/02\/WhatsApp-Image-2025-02-10-at-15.11.04-2.jpeg\" alt=\"\" class=\"wp-image-11216\"\/><\/figure>\n\n\n\n<figure class=\"wp-block-image size-large\"><img decoding=\"async\" width=\"1280\" height=\"1600\" data-id=\"11217\" src=\"https:\/\/www.santaritadopassaquatro.sp.gov.br\/portal\/wp-content\/uploads\/2025\/02\/WhatsApp-Image-2025-02-10-at-15.11.04-3.jpeg\" alt=\"\" class=\"wp-image-11217\"\/><\/figure>\n\n\n\n<figure class=\"wp-block-image size-large\"><img decoding=\"async\" width=\"1280\" height=\"1600\" data-id=\"11218\" src=\"https:\/\/www.santaritadopassaquatro.sp.gov.br\/portal\/wp-content\/uploads\/2025\/02\/WhatsApp-Image-2025-02-10-at-15.11.04-4.jpeg\" alt=\"\" class=\"wp-image-11218\"\/><\/figure>\n\n\n\n<figure class=\"wp-block-image size-large\"><img decoding=\"async\" width=\"1280\" height=\"1600\" data-id=\"11222\" src=\"https:\/\/www.santaritadopassaquatro.sp.gov.br\/portal\/wp-content\/uploads\/2025\/02\/WhatsApp-Image-2025-02-10-at-15.11.04.jpeg\" alt=\"\" class=\"wp-image-11222\"\/><\/figure>\n<\/figure>\n","protected":false},"excerpt":{"rendered":"<p>Na \u00faltima quarta-feira (29), a Prefeitura Municipal de Santa Rita do Passa Quatro realizou a Jornada Pedag\u00f3gica de In\u00edcio de<\/p>\n","protected":false},"author":1,"featured_media":11215,"comment_status":"closed","ping_status":"open","sticky":false,"template":"","format":"standard","meta":{"footnotes":""},"categories":[28,52],"tags":[],"class_list":["post-11214","post","type-post","status-publish","format-standard","has-post-thumbnail","hentry","category-educacao","category-latest"],"_links":{"self":[{"href":"https:\/\/www.santaritadopassaquatro.sp.gov.br\/portal\/wp-json\/wp\/v2\/posts\/11214","targetHints":{"allow":["GET"]}}],"collection":[{"href":"https:\/\/www.santaritadopassaquatro.sp.gov.br\/portal\/wp-json\/wp\/v2\/posts"}],"about":[{"href":"https:\/\/www.santaritadopassaquatro.sp.gov.br\/portal\/wp-json\/wp\/v2\/types\/post"}],"author":[{"embeddable":true,"href":"https:\/\/www.santaritadopassaquatro.sp.gov.br\/portal\/wp-json\/wp\/v2\/users\/1"}],"replies":[{"embeddable":true,"href":"https:\/\/www.santaritadopassaquatro.sp.gov.br\/portal\/wp-json\/wp\/v2\/comments?post=11214"}],"version-history":[{"count":1,"href":"https:\/\/www.santaritadopassaquatro.sp.gov.br\/portal\/wp-json\/wp\/v2\/posts\/11214\/revisions"}],"predecessor-version":[{"id":11223,"href":"https:\/\/www.santaritadopassaquatro.sp.gov.br\/portal\/wp-json\/wp\/v2\/posts\/11214\/revisions\/11223"}],"wp:featuredmedia":[{"embeddable":true,"href":"https:\/\/www.santaritadopassaquatro.sp.gov.br\/portal\/wp-json\/wp\/v2\/media\/11215"}],"wp:attachment":[{"href":"https:\/\/www.santaritadopassaquatro.sp.gov.br\/portal\/wp-json\/wp\/v2\/media?parent=11214"}],"wp:term":[{"taxonomy":"category","embeddable":true,"href":"https:\/\/www.santaritadopassaquatro.sp.gov.br\/portal\/wp-json\/wp\/v2\/categories?post=11214"},{"taxonomy":"post_tag","embeddable":true,"href":"https:\/\/www.santaritadopassaquatro.sp.gov.br\/portal\/wp-json\/wp\/v2\/tags?post=11214"}],"curies":[{"name":"wp","href":"https:\/\/api.w.org\/{rel}","templated":true}]}}