{"id":11224,"date":"2025-02-12T17:25:16","date_gmt":"2025-02-12T20:25:16","guid":{"rendered":"https:\/\/www.santaritadopassaquatro.sp.gov.br\/portal\/?p=11224"},"modified":"2025-02-12T17:25:18","modified_gmt":"2025-02-12T20:25:18","slug":"%f0%9f%93%a2-encontro-de-gestores-cultsp-2025-%f0%9f%8e%ad%f0%9f%8e%b6","status":"publish","type":"post","link":"https:\/\/www.santaritadopassaquatro.sp.gov.br\/portal\/%f0%9f%93%a2-encontro-de-gestores-cultsp-2025-%f0%9f%8e%ad%f0%9f%8e%b6\/","title":{"rendered":"\ud83d\udce2 Encontro de Gestores CultSP 2025 \ud83c\udfad\ud83c\udfb6"},"content":{"rendered":"\n<p>O evento, realizado no complexo J\u00falio Peres, na Sala S\u00e3o Paulo, reuniu gestores e representantes do setor cultural para a troca de experi\u00eancias e a apresenta\u00e7\u00e3o de iniciativas estrat\u00e9gicas para o pr\u00f3ximo ano.<br>Durante o encontro, a Secret\u00e1ria Mar\u00edlia Marton destacou os projetos e programas da Secretaria da Cultura, Economia e Ind\u00fastria Criativas, enfatizando as oportunidades para o desenvolvimento cultural nos munic\u00edpios paulistas. Al\u00e9m disso, organiza\u00e7\u00f5es sociais e institui\u00e7\u00f5es parceiras da cultura participaram de uma feira, promovendo a prospec\u00e7\u00e3o de parcerias e a\u00e7\u00f5es para 2025.<br>A Prefeitura Municipal de Santa Rita do Passa Quatro esteve presente no evento, representada pelo Diretor de Turismo, Desenvolvimento Econ\u00f4mico, Cultura e Esportes, Marcos Maquininha, e pela Gestora de Cultura, Graziela Villela. A participa\u00e7\u00e3o refor\u00e7a o compromisso de nossa Cidade Poema com o fortalecimento do setor cultural, buscando novas oportunidades para expandir e diversificar as atividades culturais oferecidas \u00e0 popula\u00e7\u00e3o.<br>Nossa presen\u00e7a no encontro ressalta a import\u00e2ncia do interc\u00e2mbio de boas pr\u00e1ticas e do alinhamento estrat\u00e9gico com as pol\u00edticas culturais do estado, visando o desenvolvimento de projetos inovadores para Santa Rita do Passa Quatro. \ud83d\ude80\ud83c\udfad<\/p>\n\n\n\n<figure class=\"wp-block-gallery has-nested-images columns-default is-cropped wp-block-gallery-1 is-layout-flex wp-block-gallery-is-layout-flex\">\n<figure class=\"wp-block-image size-large\"><img decoding=\"async\" width=\"1280\" height=\"1600\" data-id=\"11225\" src=\"https:\/\/www.santaritadopassaquatro.sp.gov.br\/portal\/wp-content\/uploads\/2025\/02\/5b631e75-3d6d-4af9-a041-e5d24f64048f.jpg\" alt=\"\" class=\"wp-image-11225\"\/><\/figure>\n\n\n\n<figure class=\"wp-block-image size-large\"><img decoding=\"async\" width=\"1280\" height=\"1600\" data-id=\"11226\" src=\"https:\/\/www.santaritadopassaquatro.sp.gov.br\/portal\/wp-content\/uploads\/2025\/02\/a366178c-b774-4c67-bbfb-c550bf35c97b.jpg\" alt=\"\" class=\"wp-image-11226\"\/><\/figure>\n<\/figure>\n","protected":false},"excerpt":{"rendered":"<p>O evento, realizado no complexo J\u00falio Peres, na Sala S\u00e3o Paulo, reuniu gestores e representantes do setor cultural para a<\/p>\n","protected":false},"author":1,"featured_media":11225,"comment_status":"closed","ping_status":"open","sticky":false,"template":"","format":"standard","meta":{"footnotes":""},"categories":[46,52],"tags":[],"class_list":["post-11224","post","type-post","status-publish","format-standard","has-post-thumbnail","hentry","category-cultura","category-latest"],"_links":{"self":[{"href":"https:\/\/www.santaritadopassaquatro.sp.gov.br\/portal\/wp-json\/wp\/v2\/posts\/11224","targetHints":{"allow":["GET"]}}],"collection":[{"href":"https:\/\/www.santaritadopassaquatro.sp.gov.br\/portal\/wp-json\/wp\/v2\/posts"}],"about":[{"href":"https:\/\/www.santaritadopassaquatro.sp.gov.br\/portal\/wp-json\/wp\/v2\/types\/post"}],"author":[{"embeddable":true,"href":"https:\/\/www.santaritadopassaquatro.sp.gov.br\/portal\/wp-json\/wp\/v2\/users\/1"}],"replies":[{"embeddable":true,"href":"https:\/\/www.santaritadopassaquatro.sp.gov.br\/portal\/wp-json\/wp\/v2\/comments?post=11224"}],"version-history":[{"count":1,"href":"https:\/\/www.santaritadopassaquatro.sp.gov.br\/portal\/wp-json\/wp\/v2\/posts\/11224\/revisions"}],"predecessor-version":[{"id":11227,"href":"https:\/\/www.santaritadopassaquatro.sp.gov.br\/portal\/wp-json\/wp\/v2\/posts\/11224\/revisions\/11227"}],"wp:featuredmedia":[{"embeddable":true,"href":"https:\/\/www.santaritadopassaquatro.sp.gov.br\/portal\/wp-json\/wp\/v2\/media\/11225"}],"wp:attachment":[{"href":"https:\/\/www.santaritadopassaquatro.sp.gov.br\/portal\/wp-json\/wp\/v2\/media?parent=11224"}],"wp:term":[{"taxonomy":"category","embeddable":true,"href":"https:\/\/www.santaritadopassaquatro.sp.gov.br\/portal\/wp-json\/wp\/v2\/categories?post=11224"},{"taxonomy":"post_tag","embeddable":true,"href":"https:\/\/www.santaritadopassaquatro.sp.gov.br\/portal\/wp-json\/wp\/v2\/tags?post=11224"}],"curies":[{"name":"wp","href":"https:\/\/api.w.org\/{rel}","templated":true}]}}