{"id":11228,"date":"2025-02-12T17:26:10","date_gmt":"2025-02-12T20:26:10","guid":{"rendered":"https:\/\/www.santaritadopassaquatro.sp.gov.br\/portal\/?p=11228"},"modified":"2025-02-12T17:26:12","modified_gmt":"2025-02-12T20:26:12","slug":"%f0%9f%93%a2%f0%9f%8e%89-santa-rita-brilhando-na-educacao-nacional-%f0%9f%8e%89%f0%9f%93%a2","status":"publish","type":"post","link":"https:\/\/www.santaritadopassaquatro.sp.gov.br\/portal\/%f0%9f%93%a2%f0%9f%8e%89-santa-rita-brilhando-na-educacao-nacional-%f0%9f%8e%89%f0%9f%93%a2\/","title":{"rendered":"\ud83d\udce2\ud83c\udf89 SANTA RITA BRILHANDO NA EDUCA\u00c7\u00c3O NACIONAL! \ud83c\udf89\ud83d\udce2"},"content":{"rendered":"\n<p>Em dezembro de 2024, anunciamos com grande alegria que nossa querida Cidade Poema conquistou o Selo Ouro do Compromisso Nacional Crian\u00e7a Alfabetizada! \ud83c\udfc6\u2728<br>Agora, reafirmando o compromisso e dedica\u00e7\u00e3o de nossos educadores, gestores e alunos, Santa Rita do Passa Quatro foi convidada, representada pelo Prefeito Municipal Marcelo Sim\u00e3o, para a Cerim\u00f4nia de Entrega do Selo Nacional do Compromisso com a Alfabetiza\u00e7\u00e3o. O evento contar\u00e1 com a presen\u00e7a do Presidente da Rep\u00fablica, Luiz In\u00e1cio Lula da Silva, e do Ministro da Educa\u00e7\u00e3o, Camilo Santana, e acontecer\u00e1 no dia 10 de fevereiro de 2025, no Centro Internacional de Conven\u00e7\u00f5es do Brasil \u2013 CICB.<br>Esse reconhecimento nacional refor\u00e7a nosso compromisso em garantir que 100% das crian\u00e7as estejam alfabetizadas at\u00e9 o final do 2\u00ba ano do Ensino Fundamental, seguindo a Meta 5 do Plano Nacional de Educa\u00e7\u00e3o. \ud83d\udcaa\ud83d\udcda<br>Uma conquista de todos que acreditam na educa\u00e7\u00e3o como ferramenta de transforma\u00e7\u00e3o! \ud83c\udf93\ud83d\udc4f<\/p>\n","protected":false},"excerpt":{"rendered":"<p>Em dezembro de 2024, anunciamos com grande alegria que nossa querida Cidade Poema conquistou o Selo Ouro do Compromisso Nacional<\/p>\n","protected":false},"author":1,"featured_media":11230,"comment_status":"closed","ping_status":"open","sticky":false,"template":"","format":"standard","meta":{"footnotes":""},"categories":[47,52],"tags":[],"class_list":["post-11228","post","type-post","status-publish","format-standard","has-post-thumbnail","hentry","category-desenvovimento","category-latest"],"_links":{"self":[{"href":"https:\/\/www.santaritadopassaquatro.sp.gov.br\/portal\/wp-json\/wp\/v2\/posts\/11228","targetHints":{"allow":["GET"]}}],"collection":[{"href":"https:\/\/www.santaritadopassaquatro.sp.gov.br\/portal\/wp-json\/wp\/v2\/posts"}],"about":[{"href":"https:\/\/www.santaritadopassaquatro.sp.gov.br\/portal\/wp-json\/wp\/v2\/types\/post"}],"author":[{"embeddable":true,"href":"https:\/\/www.santaritadopassaquatro.sp.gov.br\/portal\/wp-json\/wp\/v2\/users\/1"}],"replies":[{"embeddable":true,"href":"https:\/\/www.santaritadopassaquatro.sp.gov.br\/portal\/wp-json\/wp\/v2\/comments?post=11228"}],"version-history":[{"count":1,"href":"https:\/\/www.santaritadopassaquatro.sp.gov.br\/portal\/wp-json\/wp\/v2\/posts\/11228\/revisions"}],"predecessor-version":[{"id":11231,"href":"https:\/\/www.santaritadopassaquatro.sp.gov.br\/portal\/wp-json\/wp\/v2\/posts\/11228\/revisions\/11231"}],"wp:featuredmedia":[{"embeddable":true,"href":"https:\/\/www.santaritadopassaquatro.sp.gov.br\/portal\/wp-json\/wp\/v2\/media\/11230"}],"wp:attachment":[{"href":"https:\/\/www.santaritadopassaquatro.sp.gov.br\/portal\/wp-json\/wp\/v2\/media?parent=11228"}],"wp:term":[{"taxonomy":"category","embeddable":true,"href":"https:\/\/www.santaritadopassaquatro.sp.gov.br\/portal\/wp-json\/wp\/v2\/categories?post=11228"},{"taxonomy":"post_tag","embeddable":true,"href":"https:\/\/www.santaritadopassaquatro.sp.gov.br\/portal\/wp-json\/wp\/v2\/tags?post=11228"}],"curies":[{"name":"wp","href":"https:\/\/api.w.org\/{rel}","templated":true}]}}