{"id":11232,"date":"2025-02-12T17:27:38","date_gmt":"2025-02-12T20:27:38","guid":{"rendered":"https:\/\/www.santaritadopassaquatro.sp.gov.br\/portal\/?p=11232"},"modified":"2025-02-12T17:27:39","modified_gmt":"2025-02-12T20:27:39","slug":"santa-rita-do-passa-quatro-em-busca-de-avancos-na-saude-%f0%9f%92%9a%f0%9f%8f%a5","status":"publish","type":"post","link":"https:\/\/www.santaritadopassaquatro.sp.gov.br\/portal\/santa-rita-do-passa-quatro-em-busca-de-avancos-na-saude-%f0%9f%92%9a%f0%9f%8f%a5\/","title":{"rendered":"Santa Rita do Passa Quatro em busca de avan\u00e7os na Sa\u00fade! \ud83d\udc9a\ud83c\udfe5"},"content":{"rendered":"\n<p>Nesta segunda-feira (03), o Prefeito Marcelo Sim\u00e3o, a Vice-Prefeita Ariana Jamus, o Presidente da C\u00e2mara Municipal Vereador Verdun, os Vereadores Everton Silva, Vanderlei Kill, Kleber Borotto, Amadeu Louren\u00e7o, Renata Barioni e F\u00e1bio Gusman, o Chefe de Gabinete Ronaldo Eluf e o Deputado Estadual L\u00e9o Oliveira, foram recebidos pela Secret\u00e1ria Executiva de Sa\u00fade do Estado de S\u00e3o Paulo, Priscilla Reinisch Perdicaris. No encontro, foram discutidas melhorias essenciais para a sa\u00fade do munic\u00edpio! \u2705<br>\ud83d\uded1 Conquistas j\u00e1 garantidas:<br>\u2714\ufe0f 300 novos leitos no CAIS Santa Rita (Conv\u00eanio oficializado pelo Governo do Estado com a Associa\u00e7\u00e3o Lar S\u00e3o Francisco de Assis na Provid\u00eancia de Deus para in\u00edcio da abertura dos novos leitos).<br>\u26a0\ufe0f Projetos em andamento:<br>\ud83d\udd39 Municipaliza\u00e7\u00e3o do CAPS \u2013 Passo importante para fortalecer os servi\u00e7os de sa\u00fade mental e ampliar o atendimento especializado.<br>\ud83d\udd39 Amplia\u00e7\u00e3o dos exames no CAIS \u2013 Maior disponibilidade de exames e diagn\u00f3sticos mais r\u00e1pidos para a popula\u00e7\u00e3o.<br>Seguimos firmes para viabilizar essas melhorias! \ud83d\udcaa\ud83d\udc9a<br>Nosso agradecimento especial ao Deputado Estadual L\u00e9o Oliveira, ao Deputado Federal Baleia Rossi e ao Governador Tarc\u00edsio de Freitas, que seguem trabalhando para garantir mais recursos e avan\u00e7os para Santa Rita do Passa Quatro! \ud83e\udd1d\u2705<\/p>\n\n\n\n<figure class=\"wp-block-gallery has-nested-images columns-default is-cropped wp-block-gallery-1 is-layout-flex wp-block-gallery-is-layout-flex\">\n<figure class=\"wp-block-image size-large\"><img decoding=\"async\" width=\"1280\" height=\"1600\" data-id=\"11237\" src=\"https:\/\/www.santaritadopassaquatro.sp.gov.br\/portal\/wp-content\/uploads\/2025\/02\/WhatsApp-Image-2025-02-10-at-15.14.31-1-1.jpeg\" alt=\"\" class=\"wp-image-11237\"\/><\/figure>\n\n\n\n<figure class=\"wp-block-image size-large\"><img decoding=\"async\" width=\"1280\" height=\"1600\" data-id=\"11236\" src=\"https:\/\/www.santaritadopassaquatro.sp.gov.br\/portal\/wp-content\/uploads\/2025\/02\/WhatsApp-Image-2025-02-10-at-15.14.31-2.jpeg\" alt=\"\" class=\"wp-image-11236\"\/><\/figure>\n\n\n\n<figure class=\"wp-block-image size-large\"><img decoding=\"async\" width=\"1280\" height=\"1600\" data-id=\"11235\" src=\"https:\/\/www.santaritadopassaquatro.sp.gov.br\/portal\/wp-content\/uploads\/2025\/02\/WhatsApp-Image-2025-02-10-at-15.14.31-3.jpeg\" alt=\"\" class=\"wp-image-11235\"\/><\/figure>\n\n\n\n<figure class=\"wp-block-image size-large\"><img decoding=\"async\" width=\"1280\" height=\"1600\" data-id=\"11238\" src=\"https:\/\/www.santaritadopassaquatro.sp.gov.br\/portal\/wp-content\/uploads\/2025\/02\/WhatsApp-Image-2025-02-10-at-15.14.31.jpeg\" alt=\"\" class=\"wp-image-11238\"\/><\/figure>\n\n\n\n<figure class=\"wp-block-image size-large\"><img decoding=\"async\" width=\"1280\" height=\"1600\" data-id=\"11234\" src=\"https:\/\/www.santaritadopassaquatro.sp.gov.br\/portal\/wp-content\/uploads\/2025\/02\/WhatsApp-Image-2025-02-10-at-15.14.32.jpeg\" alt=\"\" class=\"wp-image-11234\"\/><\/figure>\n<\/figure>\n","protected":false},"excerpt":{"rendered":"<p>Nesta segunda-feira (03), o Prefeito Marcelo Sim\u00e3o, a Vice-Prefeita Ariana Jamus, o Presidente da C\u00e2mara Municipal Vereador Verdun, os Vereadores<\/p>\n","protected":false},"author":1,"featured_media":11233,"comment_status":"closed","ping_status":"open","sticky":false,"template":"","format":"standard","meta":{"footnotes":""},"categories":[52,58],"tags":[],"class_list":["post-11232","post","type-post","status-publish","format-standard","has-post-thumbnail","hentry","category-latest","category-health"],"_links":{"self":[{"href":"https:\/\/www.santaritadopassaquatro.sp.gov.br\/portal\/wp-json\/wp\/v2\/posts\/11232","targetHints":{"allow":["GET"]}}],"collection":[{"href":"https:\/\/www.santaritadopassaquatro.sp.gov.br\/portal\/wp-json\/wp\/v2\/posts"}],"about":[{"href":"https:\/\/www.santaritadopassaquatro.sp.gov.br\/portal\/wp-json\/wp\/v2\/types\/post"}],"author":[{"embeddable":true,"href":"https:\/\/www.santaritadopassaquatro.sp.gov.br\/portal\/wp-json\/wp\/v2\/users\/1"}],"replies":[{"embeddable":true,"href":"https:\/\/www.santaritadopassaquatro.sp.gov.br\/portal\/wp-json\/wp\/v2\/comments?post=11232"}],"version-history":[{"count":1,"href":"https:\/\/www.santaritadopassaquatro.sp.gov.br\/portal\/wp-json\/wp\/v2\/posts\/11232\/revisions"}],"predecessor-version":[{"id":11239,"href":"https:\/\/www.santaritadopassaquatro.sp.gov.br\/portal\/wp-json\/wp\/v2\/posts\/11232\/revisions\/11239"}],"wp:featuredmedia":[{"embeddable":true,"href":"https:\/\/www.santaritadopassaquatro.sp.gov.br\/portal\/wp-json\/wp\/v2\/media\/11233"}],"wp:attachment":[{"href":"https:\/\/www.santaritadopassaquatro.sp.gov.br\/portal\/wp-json\/wp\/v2\/media?parent=11232"}],"wp:term":[{"taxonomy":"category","embeddable":true,"href":"https:\/\/www.santaritadopassaquatro.sp.gov.br\/portal\/wp-json\/wp\/v2\/categories?post=11232"},{"taxonomy":"post_tag","embeddable":true,"href":"https:\/\/www.santaritadopassaquatro.sp.gov.br\/portal\/wp-json\/wp\/v2\/tags?post=11232"}],"curies":[{"name":"wp","href":"https:\/\/api.w.org\/{rel}","templated":true}]}}