{"id":11240,"date":"2025-02-12T17:29:04","date_gmt":"2025-02-12T20:29:04","guid":{"rendered":"https:\/\/www.santaritadopassaquatro.sp.gov.br\/portal\/?p=11240"},"modified":"2025-02-12T17:29:06","modified_gmt":"2025-02-12T20:29:06","slug":"%f0%9f%9a%a8-repudio-aos-atos-de-vandalismo-na-praca-da-chica-%f0%9f%9a%a8","status":"publish","type":"post","link":"https:\/\/www.santaritadopassaquatro.sp.gov.br\/portal\/%f0%9f%9a%a8-repudio-aos-atos-de-vandalismo-na-praca-da-chica-%f0%9f%9a%a8\/","title":{"rendered":"\ud83d\udea8 REP\u00daDIO AOS ATOS DE VANDALISMO NA PRA\u00c7A DA CHICA! \ud83d\udea8"},"content":{"rendered":"\n<p>Mais uma vez, a Prefeitura de Santa Rita do Passa Quatro lamenta e repudia os atos de destrui\u00e7\u00e3o registrados nesta ter\u00e7a-feira (04) na Pra\u00e7a da Chica (CDHU &#8211; Arnaldo dos Santos). Banheiros vandalizados, brinquedos destru\u00eddos, torneiras quebradas, furtos de ilumina\u00e7\u00e3o e outros danos prejudicam diretamente toda a popula\u00e7\u00e3o! \ud83d\ude21\ud83d\udeab<br>\ud83d\udd34 Vandalismo \u00e9 crime!<br>De acordo com o Art. 163, Par\u00e1grafo \u00danico, inciso III, do C\u00f3digo Penal, destruir ou deteriorar patrim\u00f4nio p\u00fablico \u00e9 crime de dano qualificado, com pena de deten\u00e7\u00e3o de seis meses a tr\u00eas anos e multa!<br>\u26a0\ufe0f Denuncie!<br>A Prefeitura refor\u00e7a o pedido para que todos ajudem a preservar os espa\u00e7os p\u00fablicos. Se presenciar qualquer ato de vandalismo, denuncie imediatamente \u00e0s autoridades e acione a pol\u00edcia! \ud83d\udcde\ud83d\ude94<br>Juntos, podemos garantir uma cidade mais segura e bem cuidada!<\/p>\n\n\n\n<figure class=\"wp-block-gallery has-nested-images columns-default is-cropped wp-block-gallery-1 is-layout-flex wp-block-gallery-is-layout-flex\">\n<figure class=\"wp-block-image size-large\"><img decoding=\"async\" width=\"1279\" height=\"1600\" data-id=\"11246\" src=\"https:\/\/www.santaritadopassaquatro.sp.gov.br\/portal\/wp-content\/uploads\/2025\/02\/WhatsApp-Image-2025-02-10-at-15.15.44-1-1.jpeg\" alt=\"\" class=\"wp-image-11246\"\/><\/figure>\n\n\n\n<figure class=\"wp-block-image size-large\"><img decoding=\"async\" width=\"1279\" height=\"1600\" data-id=\"11242\" src=\"https:\/\/www.santaritadopassaquatro.sp.gov.br\/portal\/wp-content\/uploads\/2025\/02\/WhatsApp-Image-2025-02-10-at-15.15.44.jpeg\" alt=\"\" class=\"wp-image-11242\"\/><\/figure>\n\n\n\n<figure class=\"wp-block-image size-large\"><img decoding=\"async\" width=\"1279\" height=\"1600\" data-id=\"11244\" src=\"https:\/\/www.santaritadopassaquatro.sp.gov.br\/portal\/wp-content\/uploads\/2025\/02\/WhatsApp-Image-2025-02-10-at-15.15.45-1.jpeg\" alt=\"\" class=\"wp-image-11244\"\/><\/figure>\n\n\n\n<figure class=\"wp-block-image size-large\"><img decoding=\"async\" width=\"1279\" height=\"1600\" data-id=\"11245\" src=\"https:\/\/www.santaritadopassaquatro.sp.gov.br\/portal\/wp-content\/uploads\/2025\/02\/WhatsApp-Image-2025-02-10-at-15.15.45-2.jpeg\" alt=\"\" class=\"wp-image-11245\"\/><\/figure>\n\n\n\n<figure class=\"wp-block-image size-large\"><img decoding=\"async\" width=\"1279\" height=\"1600\" data-id=\"11243\" src=\"https:\/\/www.santaritadopassaquatro.sp.gov.br\/portal\/wp-content\/uploads\/2025\/02\/WhatsApp-Image-2025-02-10-at-15.15.45.jpeg\" alt=\"\" class=\"wp-image-11243\"\/><\/figure>\n<\/figure>\n","protected":false},"excerpt":{"rendered":"<p>Mais uma vez, a Prefeitura de Santa Rita do Passa Quatro lamenta e repudia os atos de destrui\u00e7\u00e3o registrados nesta<\/p>\n","protected":false},"author":1,"featured_media":11241,"comment_status":"closed","ping_status":"open","sticky":false,"template":"","format":"standard","meta":{"footnotes":""},"categories":[49,52],"tags":[],"class_list":["post-11240","post","type-post","status-publish","format-standard","has-post-thumbnail","hentry","category-diversos","category-latest"],"_links":{"self":[{"href":"https:\/\/www.santaritadopassaquatro.sp.gov.br\/portal\/wp-json\/wp\/v2\/posts\/11240","targetHints":{"allow":["GET"]}}],"collection":[{"href":"https:\/\/www.santaritadopassaquatro.sp.gov.br\/portal\/wp-json\/wp\/v2\/posts"}],"about":[{"href":"https:\/\/www.santaritadopassaquatro.sp.gov.br\/portal\/wp-json\/wp\/v2\/types\/post"}],"author":[{"embeddable":true,"href":"https:\/\/www.santaritadopassaquatro.sp.gov.br\/portal\/wp-json\/wp\/v2\/users\/1"}],"replies":[{"embeddable":true,"href":"https:\/\/www.santaritadopassaquatro.sp.gov.br\/portal\/wp-json\/wp\/v2\/comments?post=11240"}],"version-history":[{"count":1,"href":"https:\/\/www.santaritadopassaquatro.sp.gov.br\/portal\/wp-json\/wp\/v2\/posts\/11240\/revisions"}],"predecessor-version":[{"id":11247,"href":"https:\/\/www.santaritadopassaquatro.sp.gov.br\/portal\/wp-json\/wp\/v2\/posts\/11240\/revisions\/11247"}],"wp:featuredmedia":[{"embeddable":true,"href":"https:\/\/www.santaritadopassaquatro.sp.gov.br\/portal\/wp-json\/wp\/v2\/media\/11241"}],"wp:attachment":[{"href":"https:\/\/www.santaritadopassaquatro.sp.gov.br\/portal\/wp-json\/wp\/v2\/media?parent=11240"}],"wp:term":[{"taxonomy":"category","embeddable":true,"href":"https:\/\/www.santaritadopassaquatro.sp.gov.br\/portal\/wp-json\/wp\/v2\/categories?post=11240"},{"taxonomy":"post_tag","embeddable":true,"href":"https:\/\/www.santaritadopassaquatro.sp.gov.br\/portal\/wp-json\/wp\/v2\/tags?post=11240"}],"curies":[{"name":"wp","href":"https:\/\/api.w.org\/{rel}","templated":true}]}}