{"id":11248,"date":"2025-02-12T17:30:14","date_gmt":"2025-02-12T20:30:14","guid":{"rendered":"https:\/\/www.santaritadopassaquatro.sp.gov.br\/portal\/?p=11248"},"modified":"2025-02-12T17:31:13","modified_gmt":"2025-02-12T20:31:13","slug":"%f0%9f%93%a2-recepcao-no-gabinete-ao-frei-francisco-e-a-associacao-e-fraternidade-sao-francisco-de-assis-na-providencia-de-deus-%f0%9f%99%8c%e2%9c%a8","status":"publish","type":"post","link":"https:\/\/www.santaritadopassaquatro.sp.gov.br\/portal\/%f0%9f%93%a2-recepcao-no-gabinete-ao-frei-francisco-e-a-associacao-e-fraternidade-sao-francisco-de-assis-na-providencia-de-deus-%f0%9f%99%8c%e2%9c%a8\/","title":{"rendered":"\ud83d\udce2 Recep\u00e7\u00e3o no Gabinete ao Frei Francisco e \u00e0 Associa\u00e7\u00e3o e Fraternidade S\u00e3o Francisco de Assis na Provid\u00eancia de Deus \ud83d\ude4c\u2728"},"content":{"rendered":"\n<p>O Prefeito Marcelo Sim\u00e3o, a Vice-Prefeita Ariana Jamus Pupo, o Presidente da C\u00e2mara Vereador Verdun, e os Vereadores Everton Silva, Renata Barioni e Vanderlei Kill receberam no gabinete o Frei Francisco e representantes da Associa\u00e7\u00e3o e Fraternidade S\u00e3o Francisco de Assis na Provid\u00eancia de Deus.<br>No encontro, foi dialogado sobre os desejos de uma excelente gest\u00e3o \u00e0 Associa\u00e7\u00e3o, que est\u00e1 finalizando a operacionaliza\u00e7\u00e3o de 300 novos leitos e assumir\u00e1 a administra\u00e7\u00e3o do Hospital Santa Rita (CAIS) em parceria com o Governo do Estado. \ud83c\udfe5\ud83d\udc99<br>A Associa\u00e7\u00e3o \u00e9 refer\u00eancia na gest\u00e3o hospitalar e na promo\u00e7\u00e3o da sa\u00fade, educa\u00e7\u00e3o e acolhimento aos que mais precisam. O Prefeito destacou a felicidade em receber essa entidade no munic\u00edpio e desejou sucesso ao projeto! \ud83c\udf1f\ud83d\udc4f<br>\ud83d\udd17 Saiba mais sobre o trabalho da Associa\u00e7\u00e3o e sua miss\u00e3o filantr\u00f3pica em diversas regi\u00f5es do Brasil, pelo site: http:\/\/www.franciscanosnaprovidencia.org.br\/ \ud83d\udc9a<\/p>\n\n\n\n<figure class=\"wp-block-gallery has-nested-images columns-default is-cropped wp-block-gallery-1 is-layout-flex wp-block-gallery-is-layout-flex\">\n<figure class=\"wp-block-image size-large\"><img decoding=\"async\" width=\"1280\" height=\"1600\" data-id=\"11252\" src=\"https:\/\/www.santaritadopassaquatro.sp.gov.br\/portal\/wp-content\/uploads\/2025\/02\/WhatsApp-Image-2025-02-10-at-15.17.51-1-1.jpeg\" alt=\"\" class=\"wp-image-11252\"\/><\/figure>\n\n\n\n<figure class=\"wp-block-image size-large\"><img decoding=\"async\" width=\"1280\" height=\"1600\" data-id=\"11251\" src=\"https:\/\/www.santaritadopassaquatro.sp.gov.br\/portal\/wp-content\/uploads\/2025\/02\/WhatsApp-Image-2025-02-10-at-15.17.51-2.jpeg\" alt=\"\" class=\"wp-image-11251\"\/><\/figure>\n\n\n\n<figure class=\"wp-block-image size-large\"><img decoding=\"async\" width=\"1280\" height=\"1600\" data-id=\"11255\" src=\"https:\/\/www.santaritadopassaquatro.sp.gov.br\/portal\/wp-content\/uploads\/2025\/02\/WhatsApp-Image-2025-02-10-at-15.17.51-3.jpeg\" alt=\"\" class=\"wp-image-11255\"\/><\/figure>\n\n\n\n<figure class=\"wp-block-image size-large\"><img decoding=\"async\" width=\"1280\" height=\"1600\" data-id=\"11254\" src=\"https:\/\/www.santaritadopassaquatro.sp.gov.br\/portal\/wp-content\/uploads\/2025\/02\/WhatsApp-Image-2025-02-10-at-15.17.51-4.jpeg\" alt=\"\" class=\"wp-image-11254\"\/><\/figure>\n\n\n\n<figure class=\"wp-block-image size-large\"><img decoding=\"async\" width=\"1280\" height=\"1600\" data-id=\"11253\" src=\"https:\/\/www.santaritadopassaquatro.sp.gov.br\/portal\/wp-content\/uploads\/2025\/02\/WhatsApp-Image-2025-02-10-at-15.17.51.jpeg\" alt=\"\" class=\"wp-image-11253\"\/><\/figure>\n<\/figure>\n","protected":false},"excerpt":{"rendered":"<p>O Prefeito Marcelo Sim\u00e3o, a Vice-Prefeita Ariana Jamus Pupo, o Presidente da C\u00e2mara Vereador Verdun, e os Vereadores Everton Silva,<\/p>\n","protected":false},"author":1,"featured_media":11250,"comment_status":"closed","ping_status":"open","sticky":false,"template":"","format":"standard","meta":{"footnotes":""},"categories":[49,52],"tags":[],"class_list":["post-11248","post","type-post","status-publish","format-standard","has-post-thumbnail","hentry","category-diversos","category-latest"],"_links":{"self":[{"href":"https:\/\/www.santaritadopassaquatro.sp.gov.br\/portal\/wp-json\/wp\/v2\/posts\/11248","targetHints":{"allow":["GET"]}}],"collection":[{"href":"https:\/\/www.santaritadopassaquatro.sp.gov.br\/portal\/wp-json\/wp\/v2\/posts"}],"about":[{"href":"https:\/\/www.santaritadopassaquatro.sp.gov.br\/portal\/wp-json\/wp\/v2\/types\/post"}],"author":[{"embeddable":true,"href":"https:\/\/www.santaritadopassaquatro.sp.gov.br\/portal\/wp-json\/wp\/v2\/users\/1"}],"replies":[{"embeddable":true,"href":"https:\/\/www.santaritadopassaquatro.sp.gov.br\/portal\/wp-json\/wp\/v2\/comments?post=11248"}],"version-history":[{"count":2,"href":"https:\/\/www.santaritadopassaquatro.sp.gov.br\/portal\/wp-json\/wp\/v2\/posts\/11248\/revisions"}],"predecessor-version":[{"id":11256,"href":"https:\/\/www.santaritadopassaquatro.sp.gov.br\/portal\/wp-json\/wp\/v2\/posts\/11248\/revisions\/11256"}],"wp:featuredmedia":[{"embeddable":true,"href":"https:\/\/www.santaritadopassaquatro.sp.gov.br\/portal\/wp-json\/wp\/v2\/media\/11250"}],"wp:attachment":[{"href":"https:\/\/www.santaritadopassaquatro.sp.gov.br\/portal\/wp-json\/wp\/v2\/media?parent=11248"}],"wp:term":[{"taxonomy":"category","embeddable":true,"href":"https:\/\/www.santaritadopassaquatro.sp.gov.br\/portal\/wp-json\/wp\/v2\/categories?post=11248"},{"taxonomy":"post_tag","embeddable":true,"href":"https:\/\/www.santaritadopassaquatro.sp.gov.br\/portal\/wp-json\/wp\/v2\/tags?post=11248"}],"curies":[{"name":"wp","href":"https:\/\/api.w.org\/{rel}","templated":true}]}}