{"id":11257,"date":"2025-02-12T17:31:58","date_gmt":"2025-02-12T20:31:58","guid":{"rendered":"https:\/\/www.santaritadopassaquatro.sp.gov.br\/portal\/?p=11257"},"modified":"2025-02-12T17:31:59","modified_gmt":"2025-02-12T20:31:59","slug":"%f0%9f%8c%bf%f0%9f%a4%9d-parceria-pelo-meio-ambiente","status":"publish","type":"post","link":"https:\/\/www.santaritadopassaquatro.sp.gov.br\/portal\/%f0%9f%8c%bf%f0%9f%a4%9d-parceria-pelo-meio-ambiente\/","title":{"rendered":"\ud83c\udf3f\ud83e\udd1d Parceria pelo Meio Ambiente!"},"content":{"rendered":"\n<p>No dia 04 de fevereiro, o Diretor do Departamento de Agricultura e Meio Ambiente Arthur Roque recebeu o Cabo Daniel Correa do 2\u00b0 Pelot\u00e3o de Bombeiros de Porto Ferreira &#8211; 4\u00b0 SGB\/9\u00b0 GB, na sede do Departamento.<\/p>\n\n\n\n<p>O encontro refor\u00e7ou a parceria entre a Prefeitura e a Corpora\u00e7\u00e3o, alinhando a\u00e7\u00f5es de educa\u00e7\u00e3o ambiental e promovendo iniciativas em prol da sustentabilidade e do bem-estar da nossa comunidade. \ud83c\udf31\ud83d\ude92<\/p>\n\n\n\n<p><\/p>\n","protected":false},"excerpt":{"rendered":"<p>No dia 04 de fevereiro, o Diretor do Departamento de Agricultura e Meio Ambiente Arthur Roque recebeu o Cabo Daniel<\/p>\n","protected":false},"author":1,"featured_media":11258,"comment_status":"closed","ping_status":"open","sticky":false,"template":"","format":"standard","meta":{"footnotes":""},"categories":[52,53],"tags":[],"class_list":["post-11257","post","type-post","status-publish","format-standard","has-post-thumbnail","hentry","category-latest","category-meio-ambiente"],"_links":{"self":[{"href":"https:\/\/www.santaritadopassaquatro.sp.gov.br\/portal\/wp-json\/wp\/v2\/posts\/11257","targetHints":{"allow":["GET"]}}],"collection":[{"href":"https:\/\/www.santaritadopassaquatro.sp.gov.br\/portal\/wp-json\/wp\/v2\/posts"}],"about":[{"href":"https:\/\/www.santaritadopassaquatro.sp.gov.br\/portal\/wp-json\/wp\/v2\/types\/post"}],"author":[{"embeddable":true,"href":"https:\/\/www.santaritadopassaquatro.sp.gov.br\/portal\/wp-json\/wp\/v2\/users\/1"}],"replies":[{"embeddable":true,"href":"https:\/\/www.santaritadopassaquatro.sp.gov.br\/portal\/wp-json\/wp\/v2\/comments?post=11257"}],"version-history":[{"count":1,"href":"https:\/\/www.santaritadopassaquatro.sp.gov.br\/portal\/wp-json\/wp\/v2\/posts\/11257\/revisions"}],"predecessor-version":[{"id":11259,"href":"https:\/\/www.santaritadopassaquatro.sp.gov.br\/portal\/wp-json\/wp\/v2\/posts\/11257\/revisions\/11259"}],"wp:featuredmedia":[{"embeddable":true,"href":"https:\/\/www.santaritadopassaquatro.sp.gov.br\/portal\/wp-json\/wp\/v2\/media\/11258"}],"wp:attachment":[{"href":"https:\/\/www.santaritadopassaquatro.sp.gov.br\/portal\/wp-json\/wp\/v2\/media?parent=11257"}],"wp:term":[{"taxonomy":"category","embeddable":true,"href":"https:\/\/www.santaritadopassaquatro.sp.gov.br\/portal\/wp-json\/wp\/v2\/categories?post=11257"},{"taxonomy":"post_tag","embeddable":true,"href":"https:\/\/www.santaritadopassaquatro.sp.gov.br\/portal\/wp-json\/wp\/v2\/tags?post=11257"}],"curies":[{"name":"wp","href":"https:\/\/api.w.org\/{rel}","templated":true}]}}