{"id":11263,"date":"2025-02-12T17:35:24","date_gmt":"2025-02-12T20:35:24","guid":{"rendered":"https:\/\/www.santaritadopassaquatro.sp.gov.br\/portal\/?p=11263"},"modified":"2025-02-12T17:35:26","modified_gmt":"2025-02-12T20:35:26","slug":"%f0%9f%8e%ad%e2%9c%a8-semana-artistico-cultural-salvador-pujals-sabate-%e2%9c%a8%f0%9f%8e%a8","status":"publish","type":"post","link":"https:\/\/www.santaritadopassaquatro.sp.gov.br\/portal\/%f0%9f%8e%ad%e2%9c%a8-semana-artistico-cultural-salvador-pujals-sabate-%e2%9c%a8%f0%9f%8e%a8\/","title":{"rendered":"\ud83c\udfad\u2728 Semana Art\u00edstico-Cultural \u201cSalvador Pujals Sabat\u00e9\u201d \u2728\ud83c\udfa8"},"content":{"rendered":"\n<p>De 17 a 22 de fevereiro, Santa Rita do Passa Quatro celebra a arte e a cultura! \ud83c\udfb6\ud83d\udcd6\ud83c\udfad Uma semana repleta de exposi\u00e7\u00f5es, apresenta\u00e7\u00f5es e muito mais!<br>Fique ligado! Em breve, programa\u00e7\u00e3o completa. \ud83d\udce2<\/p>\n\n\n\n<figure class=\"wp-block-image size-full\"><img decoding=\"async\" width=\"1\" height=\"1\" src=\"https:\/\/www.santaritadopassaquatro.sp.gov.br\/portal\/wp-content\/uploads\/2025\/02\/image.gif\" alt=\"\" class=\"wp-image-11264\"\/><\/figure>\n","protected":false},"excerpt":{"rendered":"<p>De 17 a 22 de fevereiro, Santa Rita do Passa Quatro celebra a arte e a cultura! \ud83c\udfb6\ud83d\udcd6\ud83c\udfad Uma semana<\/p>\n","protected":false},"author":1,"featured_media":11266,"comment_status":"closed","ping_status":"open","sticky":false,"template":"","format":"standard","meta":{"footnotes":""},"categories":[46,52],"tags":[],"class_list":["post-11263","post","type-post","status-publish","format-standard","has-post-thumbnail","hentry","category-cultura","category-latest"],"_links":{"self":[{"href":"https:\/\/www.santaritadopassaquatro.sp.gov.br\/portal\/wp-json\/wp\/v2\/posts\/11263","targetHints":{"allow":["GET"]}}],"collection":[{"href":"https:\/\/www.santaritadopassaquatro.sp.gov.br\/portal\/wp-json\/wp\/v2\/posts"}],"about":[{"href":"https:\/\/www.santaritadopassaquatro.sp.gov.br\/portal\/wp-json\/wp\/v2\/types\/post"}],"author":[{"embeddable":true,"href":"https:\/\/www.santaritadopassaquatro.sp.gov.br\/portal\/wp-json\/wp\/v2\/users\/1"}],"replies":[{"embeddable":true,"href":"https:\/\/www.santaritadopassaquatro.sp.gov.br\/portal\/wp-json\/wp\/v2\/comments?post=11263"}],"version-history":[{"count":1,"href":"https:\/\/www.santaritadopassaquatro.sp.gov.br\/portal\/wp-json\/wp\/v2\/posts\/11263\/revisions"}],"predecessor-version":[{"id":11267,"href":"https:\/\/www.santaritadopassaquatro.sp.gov.br\/portal\/wp-json\/wp\/v2\/posts\/11263\/revisions\/11267"}],"wp:featuredmedia":[{"embeddable":true,"href":"https:\/\/www.santaritadopassaquatro.sp.gov.br\/portal\/wp-json\/wp\/v2\/media\/11266"}],"wp:attachment":[{"href":"https:\/\/www.santaritadopassaquatro.sp.gov.br\/portal\/wp-json\/wp\/v2\/media?parent=11263"}],"wp:term":[{"taxonomy":"category","embeddable":true,"href":"https:\/\/www.santaritadopassaquatro.sp.gov.br\/portal\/wp-json\/wp\/v2\/categories?post=11263"},{"taxonomy":"post_tag","embeddable":true,"href":"https:\/\/www.santaritadopassaquatro.sp.gov.br\/portal\/wp-json\/wp\/v2\/tags?post=11263"}],"curies":[{"name":"wp","href":"https:\/\/api.w.org\/{rel}","templated":true}]}}