{"id":11280,"date":"2025-02-12T17:37:52","date_gmt":"2025-02-12T20:37:52","guid":{"rendered":"https:\/\/www.santaritadopassaquatro.sp.gov.br\/portal\/?p=11280"},"modified":"2025-02-12T17:37:54","modified_gmt":"2025-02-12T20:37:54","slug":"%f0%9f%8c%b1%e2%9c%a8-a-magia-do-feijao-no-algodao-aprendizado-e-diversao-na-creche-anna-prada-%e2%9c%a8%f0%9f%8c%b1","status":"publish","type":"post","link":"https:\/\/www.santaritadopassaquatro.sp.gov.br\/portal\/%f0%9f%8c%b1%e2%9c%a8-a-magia-do-feijao-no-algodao-aprendizado-e-diversao-na-creche-anna-prada-%e2%9c%a8%f0%9f%8c%b1\/","title":{"rendered":"\ud83c\udf31\u2728 A Magia do Feij\u00e3o no Algod\u00e3o: Aprendizado e Divers\u00e3o na Creche Anna Prada! \u2728\ud83c\udf31"},"content":{"rendered":"\n<p>Na \u00faltima quinta-feira (05\/02), as crian\u00e7as da Creche Anna Prada viveram uma experi\u00eancia incr\u00edvel ao cultivar feij\u00f5es no algod\u00e3o! A atividade, promovida pelo Departamento de Agricultura e Meio Ambiente, ensinou de forma l\u00fadica e interativa sobre o crescimento das plantas.<\/p>\n\n\n\n<p>Com feij\u00f5es secos, algod\u00e3o, copos transparentes e \u00e1gua, os pequenos cientistas puderam acompanhar o processo de germina\u00e7\u00e3o e desenvolvimento das sementes. Os alunos poder\u00e3o observar como a natureza \u00e9 surpreendente, j\u00e1 que em poucos dias v\u00e3o ver as sementes se transformarem em brotos, e, em poucos dias mais, se tornarem pequenas plantinhas verdes. \ud83c\udf3f\ud83d\udc9a<\/p>\n\n\n\n<p>Al\u00e9m de aprenderem sobre o ciclo da vida vegetal, tamb\u00e9m descobriram a import\u00e2ncia da luz e da \u00e1gua para o crescimento das plantas. Uma experi\u00eancia simples, mas cheia de significado, despertando a curiosidade e o encantamento pela natureza!<\/p>\n\n\n\n<figure class=\"wp-block-gallery has-nested-images columns-default is-cropped wp-block-gallery-1 is-layout-flex wp-block-gallery-is-layout-flex\">\n<figure class=\"wp-block-image size-large\"><img decoding=\"async\" width=\"1279\" height=\"1600\" data-id=\"11286\" src=\"https:\/\/www.santaritadopassaquatro.sp.gov.br\/portal\/wp-content\/uploads\/2025\/02\/WhatsApp-Image-2025-02-12-at-14.22.33-2.jpeg\" alt=\"\" class=\"wp-image-11286\"\/><\/figure>\n\n\n\n<figure class=\"wp-block-image size-large\"><img decoding=\"async\" width=\"1279\" height=\"1600\" data-id=\"11283\" src=\"https:\/\/www.santaritadopassaquatro.sp.gov.br\/portal\/wp-content\/uploads\/2025\/02\/WhatsApp-Image-2025-02-12-at-14.22.33-3.jpeg\" alt=\"\" class=\"wp-image-11283\"\/><\/figure>\n\n\n\n<figure class=\"wp-block-image size-large\"><img decoding=\"async\" width=\"1279\" height=\"1600\" data-id=\"11285\" src=\"https:\/\/www.santaritadopassaquatro.sp.gov.br\/portal\/wp-content\/uploads\/2025\/02\/WhatsApp-Image-2025-02-12-at-14.22.33.jpeg\" alt=\"\" class=\"wp-image-11285\"\/><\/figure>\n\n\n\n<figure class=\"wp-block-image size-large\"><img decoding=\"async\" width=\"1279\" height=\"1600\" data-id=\"11284\" src=\"https:\/\/www.santaritadopassaquatro.sp.gov.br\/portal\/wp-content\/uploads\/2025\/02\/WhatsApp-Image-2025-02-12-at-14.22.34-1.jpeg\" alt=\"\" class=\"wp-image-11284\"\/><\/figure>\n\n\n\n<figure class=\"wp-block-image size-large\"><img decoding=\"async\" width=\"1279\" height=\"1600\" data-id=\"11282\" src=\"https:\/\/www.santaritadopassaquatro.sp.gov.br\/portal\/wp-content\/uploads\/2025\/02\/WhatsApp-Image-2025-02-12-at-14.22.34-2.jpeg\" alt=\"\" class=\"wp-image-11282\"\/><\/figure>\n\n\n\n<figure class=\"wp-block-image size-large\"><img decoding=\"async\" width=\"1279\" height=\"1600\" data-id=\"11287\" src=\"https:\/\/www.santaritadopassaquatro.sp.gov.br\/portal\/wp-content\/uploads\/2025\/02\/WhatsApp-Image-2025-02-12-at-14.22.34-3.jpeg\" alt=\"\" class=\"wp-image-11287\"\/><\/figure>\n\n\n\n<figure class=\"wp-block-image size-large\"><img decoding=\"async\" width=\"1279\" height=\"1600\" data-id=\"11288\" src=\"https:\/\/www.santaritadopassaquatro.sp.gov.br\/portal\/wp-content\/uploads\/2025\/02\/WhatsApp-Image-2025-02-12-at-14.22.34.jpeg\" alt=\"\" class=\"wp-image-11288\"\/><\/figure>\n<\/figure>\n","protected":false},"excerpt":{"rendered":"<p>Na \u00faltima quinta-feira (05\/02), as crian\u00e7as da Creche Anna Prada viveram uma experi\u00eancia incr\u00edvel ao cultivar feij\u00f5es no algod\u00e3o! A<\/p>\n","protected":false},"author":1,"featured_media":11281,"comment_status":"closed","ping_status":"open","sticky":false,"template":"","format":"standard","meta":{"footnotes":""},"categories":[52,53],"tags":[],"class_list":["post-11280","post","type-post","status-publish","format-standard","has-post-thumbnail","hentry","category-latest","category-meio-ambiente"],"_links":{"self":[{"href":"https:\/\/www.santaritadopassaquatro.sp.gov.br\/portal\/wp-json\/wp\/v2\/posts\/11280","targetHints":{"allow":["GET"]}}],"collection":[{"href":"https:\/\/www.santaritadopassaquatro.sp.gov.br\/portal\/wp-json\/wp\/v2\/posts"}],"about":[{"href":"https:\/\/www.santaritadopassaquatro.sp.gov.br\/portal\/wp-json\/wp\/v2\/types\/post"}],"author":[{"embeddable":true,"href":"https:\/\/www.santaritadopassaquatro.sp.gov.br\/portal\/wp-json\/wp\/v2\/users\/1"}],"replies":[{"embeddable":true,"href":"https:\/\/www.santaritadopassaquatro.sp.gov.br\/portal\/wp-json\/wp\/v2\/comments?post=11280"}],"version-history":[{"count":1,"href":"https:\/\/www.santaritadopassaquatro.sp.gov.br\/portal\/wp-json\/wp\/v2\/posts\/11280\/revisions"}],"predecessor-version":[{"id":11289,"href":"https:\/\/www.santaritadopassaquatro.sp.gov.br\/portal\/wp-json\/wp\/v2\/posts\/11280\/revisions\/11289"}],"wp:featuredmedia":[{"embeddable":true,"href":"https:\/\/www.santaritadopassaquatro.sp.gov.br\/portal\/wp-json\/wp\/v2\/media\/11281"}],"wp:attachment":[{"href":"https:\/\/www.santaritadopassaquatro.sp.gov.br\/portal\/wp-json\/wp\/v2\/media?parent=11280"}],"wp:term":[{"taxonomy":"category","embeddable":true,"href":"https:\/\/www.santaritadopassaquatro.sp.gov.br\/portal\/wp-json\/wp\/v2\/categories?post=11280"},{"taxonomy":"post_tag","embeddable":true,"href":"https:\/\/www.santaritadopassaquatro.sp.gov.br\/portal\/wp-json\/wp\/v2\/tags?post=11280"}],"curies":[{"name":"wp","href":"https:\/\/api.w.org\/{rel}","templated":true}]}}