{"id":11302,"date":"2025-02-14T16:17:05","date_gmt":"2025-02-14T19:17:05","guid":{"rendered":"http:\/\/www.santaritadopassaquatro.sp.gov.br\/portal\/?p=11302"},"modified":"2025-02-14T16:17:06","modified_gmt":"2025-02-14T19:17:06","slug":"%f0%9f%8e%ad%f0%9f%8e%b6%e2%9c%a8-semana-artistico-cultural-salvador-pujals-sabate-%e2%9c%a8%f0%9f%8e%b6%f0%9f%8e%ad","status":"publish","type":"post","link":"https:\/\/www.santaritadopassaquatro.sp.gov.br\/portal\/%f0%9f%8e%ad%f0%9f%8e%b6%e2%9c%a8-semana-artistico-cultural-salvador-pujals-sabate-%e2%9c%a8%f0%9f%8e%b6%f0%9f%8e%ad\/","title":{"rendered":"\ud83c\udfad\ud83c\udfb6\u2728 Semana Art\u00edstico-Cultural \u201cSalvador Pujals Sabat\u00e9\u201d \u2728\ud83c\udfb6\ud83c\udfad"},"content":{"rendered":"\n<p>De 17 a 22 de fevereiro, Santa Rita do Passa Quatro ser\u00e1 palco de uma programa\u00e7\u00e3o repleta de cultura e arte! Exposi\u00e7\u00f5es, exibi\u00e7\u00f5es audiovisuais, apresenta\u00e7\u00f5es art\u00edsticas, debates e muito mais esperam por voc\u00ea! \ud83c\udfa8\ud83d\udcfd\ud83c\udfa4<\/p>\n\n\n\n<p>\ud83d\udcc5 Destaques da programa\u00e7\u00e3o:<br>\ud83d\udccc Exposi\u00e7\u00e3o &#8220;Mostra para Rir&#8221; \u2013 Caricaturas do Sal\u00e3o de Humor de Piracicaba<br>\ud83d\udccc Lan\u00e7amento da 1\u00aa Mostra Audiovisual Virtual Santa-Ritense \ud83c\udfac<br>\ud83d\udccc Divertissement Art\u00edstico com Studio Arte e Movimento e Banda Marcial da ABEVEC<br>\ud83d\udccc Cine Cultura &#8220;Exibi\u00e7\u00e3o Virtual da Pe\u00e7a Teatral: Traga-me a Cabe\u00e7a de Lima Barreto&#8221; (Alunos da Rede Estadual) \ud83d\udccc Sarau com Roda de Conversa (Semana de Arte Moderna) \ud83d\udcda<br>\ud83d\udccc Cine Cultura Ponto MIS &#8220;Tromba Trem: O filme&#8221;<br>\ud83d\udccc Aul\u00e3o de Zumba na Feira do Produtor \ud83c\udfcb\u200d\u2640\ufe0f<br>\ud83d\udccc Lan\u00e7amento do livro \u201cPara o Amor que Chega\u201d \ud83d\udcd6<\/p>\n\n\n\n<p>\ud83d\udcf2 Confira os detalhes de cada evento nos cards individuais! N\u00e3o perca essa oportunidade de vivenciar a cultura de nossa cidade!<\/p>\n\n\n\n<figure class=\"wp-block-gallery has-nested-images columns-default is-cropped wp-block-gallery-1 is-layout-flex wp-block-gallery-is-layout-flex\">\n<figure class=\"wp-block-image size-large\"><img decoding=\"async\" width=\"1279\" height=\"1600\" data-id=\"11304\" src=\"http:\/\/www.santaritadopassaquatro.sp.gov.br\/portal\/wp-content\/uploads\/2025\/02\/e710d548-3e2d-425b-bdad-6944a6eb9057.jpg\" alt=\"\" class=\"wp-image-11304\"\/><\/figure>\n\n\n\n<figure class=\"wp-block-image size-large\"><img decoding=\"async\" width=\"1279\" height=\"1600\" data-id=\"11305\" src=\"http:\/\/www.santaritadopassaquatro.sp.gov.br\/portal\/wp-content\/uploads\/2025\/02\/ebc83d0d-c4a9-419c-88f6-e93bfa64f487.jpg\" alt=\"\" class=\"wp-image-11305\"\/><\/figure>\n<\/figure>\n","protected":false},"excerpt":{"rendered":"<p>De 17 a 22 de fevereiro, Santa Rita do Passa Quatro ser\u00e1 palco de uma programa\u00e7\u00e3o repleta de cultura e<\/p>\n","protected":false},"author":1,"featured_media":11303,"comment_status":"closed","ping_status":"open","sticky":false,"template":"","format":"standard","meta":{"footnotes":""},"categories":[46,52],"tags":[],"class_list":["post-11302","post","type-post","status-publish","format-standard","has-post-thumbnail","hentry","category-cultura","category-latest"],"_links":{"self":[{"href":"https:\/\/www.santaritadopassaquatro.sp.gov.br\/portal\/wp-json\/wp\/v2\/posts\/11302","targetHints":{"allow":["GET"]}}],"collection":[{"href":"https:\/\/www.santaritadopassaquatro.sp.gov.br\/portal\/wp-json\/wp\/v2\/posts"}],"about":[{"href":"https:\/\/www.santaritadopassaquatro.sp.gov.br\/portal\/wp-json\/wp\/v2\/types\/post"}],"author":[{"embeddable":true,"href":"https:\/\/www.santaritadopassaquatro.sp.gov.br\/portal\/wp-json\/wp\/v2\/users\/1"}],"replies":[{"embeddable":true,"href":"https:\/\/www.santaritadopassaquatro.sp.gov.br\/portal\/wp-json\/wp\/v2\/comments?post=11302"}],"version-history":[{"count":1,"href":"https:\/\/www.santaritadopassaquatro.sp.gov.br\/portal\/wp-json\/wp\/v2\/posts\/11302\/revisions"}],"predecessor-version":[{"id":11306,"href":"https:\/\/www.santaritadopassaquatro.sp.gov.br\/portal\/wp-json\/wp\/v2\/posts\/11302\/revisions\/11306"}],"wp:featuredmedia":[{"embeddable":true,"href":"https:\/\/www.santaritadopassaquatro.sp.gov.br\/portal\/wp-json\/wp\/v2\/media\/11303"}],"wp:attachment":[{"href":"https:\/\/www.santaritadopassaquatro.sp.gov.br\/portal\/wp-json\/wp\/v2\/media?parent=11302"}],"wp:term":[{"taxonomy":"category","embeddable":true,"href":"https:\/\/www.santaritadopassaquatro.sp.gov.br\/portal\/wp-json\/wp\/v2\/categories?post=11302"},{"taxonomy":"post_tag","embeddable":true,"href":"https:\/\/www.santaritadopassaquatro.sp.gov.br\/portal\/wp-json\/wp\/v2\/tags?post=11302"}],"curies":[{"name":"wp","href":"https:\/\/api.w.org\/{rel}","templated":true}]}}