{"id":11307,"date":"2025-02-14T16:20:23","date_gmt":"2025-02-14T19:20:23","guid":{"rendered":"http:\/\/www.santaritadopassaquatro.sp.gov.br\/portal\/?p=11307"},"modified":"2025-02-14T16:20:24","modified_gmt":"2025-02-14T19:20:24","slug":"%f0%9f%93%a2-santa-rita-do-passa-quatro-em-busca-do-selo-de-indicacao-geografica-para-os-doces-da-cidade-poema-%f0%9f%8d%ac%e2%9c%a8","status":"publish","type":"post","link":"https:\/\/www.santaritadopassaquatro.sp.gov.br\/portal\/%f0%9f%93%a2-santa-rita-do-passa-quatro-em-busca-do-selo-de-indicacao-geografica-para-os-doces-da-cidade-poema-%f0%9f%8d%ac%e2%9c%a8\/","title":{"rendered":"\ud83d\udce2 Santa Rita do Passa Quatro em busca do selo de Indica\u00e7\u00e3o Geogr\u00e1fica para os Doces da Cidade Poema! \ud83c\udf6c\u2728"},"content":{"rendered":"\n<p><\/p>\n\n\n\n<p>No \u00faltimo dia 11\/02, no Centro Cultural e Museu Jos\u00e9 Spadon, aconteceu um importante encontro para o Diagn\u00f3stico de Indica\u00e7\u00f5es Geogr\u00e1ficas em Potencial. Esse \u00e9 um grande passo para que nossos doces artesanais conquistem o reconhecimento oficial, garantindo valoriza\u00e7\u00e3o, prote\u00e7\u00e3o contra imita\u00e7\u00f5es e fortalecimento do turismo e da economia local.<br>O evento contou com a presen\u00e7a de Ariane Teixeira Lima Canellas (Gerente Regional do Sebrae-SP), Peterson Barleta (Consultor de Neg\u00f3cios do Sebrae), Dr. Lucas Ramos (representando o Gabinete da Prefeitura), Livia Barroso e Alexandre Ferreira (FMB Advocacia), Ana Cristina de Oliveira (Sindicato Rural), produtores, doceiros e representantes da Administra\u00e7\u00e3o Municipal, como Marcos Maquininha (Diretor do Departamento de Turismo, Desenvolvimento Econ\u00f4mico, Cultura e Esportes), Maura Arioli Roberto (Assessora de Departamento), Val\u00e9ria Maria Zerbato (Coordenadora de Turismo) e Caiky Augusto Cominciolli (Oficial Administrativo. O evento teve ainda o apoio da Casa do Doce &#8211; Vila Artesanal (Associa\u00e7\u00e3o dos Produtores Artesanais e Artes\u00e3os Santa-Ritenses (APAAS).<br>\ud83c\udfaf A Indica\u00e7\u00e3o Geogr\u00e1fica (IG), concedida pelo INPI, reconhece produtos cuja qualidade est\u00e1 diretamente ligada \u00e0 sua origem. No caso dos Doces da Cidade Poema, esse selo pode transformar a produ\u00e7\u00e3o artesanal em um diferencial para atrair visitantes e fortalecer a identidade cultural de Santa Rita do Passa Quatro.<br>\ud83d\udcac \u201cEste \u00e9 um grande avan\u00e7o para o turismo e o desenvolvimento econ\u00f4mico de nossa Est\u00e2ncia. Estamos confiantes de que esse sonho se tornar\u00e1 realidade!\u201d, destacou o Prefeito Marcelo Sim\u00e3o.<br>Seguimos firmes nesse caminho para que Santa Rita do Passa Quatro seja reconhecida nacionalmente pela sua tradi\u00e7\u00e3o doceira! \ud83c\udf6f\ud83c\udfc5<\/p>\n\n\n\n<figure class=\"wp-block-gallery has-nested-images columns-default is-cropped wp-block-gallery-1 is-layout-flex wp-block-gallery-is-layout-flex\">\n<figure class=\"wp-block-image size-large\"><img decoding=\"async\" width=\"2048\" height=\"2560\" data-id=\"11309\" src=\"http:\/\/www.santaritadopassaquatro.sp.gov.br\/portal\/wp-content\/uploads\/2025\/02\/WhatsApp-Image-2025-02-14-at-15.24.09-2.jpeg\" alt=\"\" class=\"wp-image-11309\"\/><\/figure>\n\n\n\n<figure class=\"wp-block-image size-large\"><img decoding=\"async\" width=\"2048\" height=\"2560\" data-id=\"11310\" src=\"http:\/\/www.santaritadopassaquatro.sp.gov.br\/portal\/wp-content\/uploads\/2025\/02\/WhatsApp-Image-2025-02-14-at-15.24.09-3.jpeg\" alt=\"\" class=\"wp-image-11310\"\/><\/figure>\n\n\n\n<figure class=\"wp-block-image size-large\"><img decoding=\"async\" width=\"2048\" height=\"2560\" data-id=\"11311\" src=\"http:\/\/www.santaritadopassaquatro.sp.gov.br\/portal\/wp-content\/uploads\/2025\/02\/WhatsApp-Image-2025-02-14-at-15.24.09.jpeg\" alt=\"\" class=\"wp-image-11311\"\/><\/figure>\n\n\n\n<figure class=\"wp-block-image size-large\"><img decoding=\"async\" width=\"2048\" height=\"2560\" data-id=\"11313\" src=\"http:\/\/www.santaritadopassaquatro.sp.gov.br\/portal\/wp-content\/uploads\/2025\/02\/WhatsApp-Image-2025-02-14-at-15.24.10-1.jpeg\" alt=\"\" class=\"wp-image-11313\"\/><\/figure>\n\n\n\n<figure class=\"wp-block-image size-large\"><img decoding=\"async\" width=\"2048\" height=\"2560\" data-id=\"11312\" src=\"http:\/\/www.santaritadopassaquatro.sp.gov.br\/portal\/wp-content\/uploads\/2025\/02\/WhatsApp-Image-2025-02-14-at-15.24.10.jpeg\" alt=\"\" class=\"wp-image-11312\"\/><\/figure>\n<\/figure>\n","protected":false},"excerpt":{"rendered":"<p>No \u00faltimo dia 11\/02, no Centro Cultural e Museu Jos\u00e9 Spadon, aconteceu um importante encontro para o Diagn\u00f3stico de Indica\u00e7\u00f5es<\/p>\n","protected":false},"author":1,"featured_media":11308,"comment_status":"closed","ping_status":"open","sticky":false,"template":"","format":"standard","meta":{"footnotes":""},"categories":[47,52],"tags":[],"class_list":["post-11307","post","type-post","status-publish","format-standard","has-post-thumbnail","hentry","category-desenvovimento","category-latest"],"_links":{"self":[{"href":"https:\/\/www.santaritadopassaquatro.sp.gov.br\/portal\/wp-json\/wp\/v2\/posts\/11307","targetHints":{"allow":["GET"]}}],"collection":[{"href":"https:\/\/www.santaritadopassaquatro.sp.gov.br\/portal\/wp-json\/wp\/v2\/posts"}],"about":[{"href":"https:\/\/www.santaritadopassaquatro.sp.gov.br\/portal\/wp-json\/wp\/v2\/types\/post"}],"author":[{"embeddable":true,"href":"https:\/\/www.santaritadopassaquatro.sp.gov.br\/portal\/wp-json\/wp\/v2\/users\/1"}],"replies":[{"embeddable":true,"href":"https:\/\/www.santaritadopassaquatro.sp.gov.br\/portal\/wp-json\/wp\/v2\/comments?post=11307"}],"version-history":[{"count":1,"href":"https:\/\/www.santaritadopassaquatro.sp.gov.br\/portal\/wp-json\/wp\/v2\/posts\/11307\/revisions"}],"predecessor-version":[{"id":11314,"href":"https:\/\/www.santaritadopassaquatro.sp.gov.br\/portal\/wp-json\/wp\/v2\/posts\/11307\/revisions\/11314"}],"wp:featuredmedia":[{"embeddable":true,"href":"https:\/\/www.santaritadopassaquatro.sp.gov.br\/portal\/wp-json\/wp\/v2\/media\/11308"}],"wp:attachment":[{"href":"https:\/\/www.santaritadopassaquatro.sp.gov.br\/portal\/wp-json\/wp\/v2\/media?parent=11307"}],"wp:term":[{"taxonomy":"category","embeddable":true,"href":"https:\/\/www.santaritadopassaquatro.sp.gov.br\/portal\/wp-json\/wp\/v2\/categories?post=11307"},{"taxonomy":"post_tag","embeddable":true,"href":"https:\/\/www.santaritadopassaquatro.sp.gov.br\/portal\/wp-json\/wp\/v2\/tags?post=11307"}],"curies":[{"name":"wp","href":"https:\/\/api.w.org\/{rel}","templated":true}]}}