{"id":11315,"date":"2025-02-14T16:23:37","date_gmt":"2025-02-14T19:23:37","guid":{"rendered":"http:\/\/www.santaritadopassaquatro.sp.gov.br\/portal\/?p=11315"},"modified":"2025-02-14T16:23:38","modified_gmt":"2025-02-14T19:23:38","slug":"%f0%9f%9a%a8-combate-a-dengue-acao-intensificada-em-santa-rita-do-passa-quatro-%f0%9f%9a%a8","status":"publish","type":"post","link":"https:\/\/www.santaritadopassaquatro.sp.gov.br\/portal\/%f0%9f%9a%a8-combate-a-dengue-acao-intensificada-em-santa-rita-do-passa-quatro-%f0%9f%9a%a8\/","title":{"rendered":"\ud83d\udea8 COMBATE \u00c0 DENGUE: A\u00c7\u00c3O INTENSIFICADA EM SANTA RITA DO PASSA QUATRO \ud83d\udea8"},"content":{"rendered":"\n<p>Na tarde desta quinta-feira (13), a Prefeitura realizou mais uma reuni\u00e3o da Sala de Situa\u00e7\u00e3o da Dengue, reunindo diversos \u00f3rg\u00e3os da sociedade e setores da Administra\u00e7\u00e3o Municipal no Centro Cultural e Museu Jos\u00e9 Spadon. O encontro definiu novas estrat\u00e9gias para o enfrentamento ao mosquito Aedes aegypti no munic\u00edpio.<\/p>\n\n\n\n<p>Entre as medidas refor\u00e7adas, destacam-se:<br>\u2705 Intensifica\u00e7\u00e3o da comunica\u00e7\u00e3o sobre o combate \u00e0 dengue (carro de som e canais virtuais).<br>\u2705 Amplia\u00e7\u00e3o da Divulga\u00e7\u00e3o da Campanha de Vacina\u00e7\u00e3o para crian\u00e7as de 10 a 14 anos.<br>\u2705 Amplia\u00e7\u00e3o dos Mutir\u00f5es de Combate aos criadouros do mosquito.<br>\u2705 Expans\u00e3o da aplica\u00e7\u00e3o do Fumac\u00ea nas \u00e1reas cr\u00edticas.<br>\u2705 Expans\u00e3o do Monitoramento e Fiscaliza\u00e7\u00e3o das \u00e1reas com casos registrados.<\/p>\n\n\n\n<p>A participa\u00e7\u00e3o de todos \u00e9 essencial! \ud83d\udcaa Fa\u00e7a sua parte: elimine \u00e1gua parada e denuncie poss\u00edveis focos. Juntos, vamos vencer a dengue! \ud83e\udd9f\ud83d\udeab<\/p>\n\n\n\n<figure class=\"wp-block-gallery has-nested-images columns-default is-cropped wp-block-gallery-1 is-layout-flex wp-block-gallery-is-layout-flex\">\n<figure class=\"wp-block-image size-large\"><img decoding=\"async\" width=\"2048\" height=\"2560\" data-id=\"11317\" src=\"http:\/\/www.santaritadopassaquatro.sp.gov.br\/portal\/wp-content\/uploads\/2025\/02\/WhatsApp-Image-2025-02-14-at-15.25.03-1.jpeg\" alt=\"\" class=\"wp-image-11317\"\/><\/figure>\n\n\n\n<figure class=\"wp-block-image size-large\"><img decoding=\"async\" width=\"2048\" height=\"2560\" data-id=\"11320\" src=\"http:\/\/www.santaritadopassaquatro.sp.gov.br\/portal\/wp-content\/uploads\/2025\/02\/WhatsApp-Image-2025-02-14-at-15.25.04-1.jpeg\" alt=\"\" class=\"wp-image-11320\"\/><\/figure>\n\n\n\n<figure class=\"wp-block-image size-large\"><img decoding=\"async\" width=\"2048\" height=\"2560\" data-id=\"11319\" src=\"http:\/\/www.santaritadopassaquatro.sp.gov.br\/portal\/wp-content\/uploads\/2025\/02\/WhatsApp-Image-2025-02-14-at-15.25.04-2.jpeg\" alt=\"\" class=\"wp-image-11319\"\/><\/figure>\n\n\n\n<figure class=\"wp-block-image size-large\"><img decoding=\"async\" width=\"2048\" height=\"2560\" data-id=\"11318\" src=\"http:\/\/www.santaritadopassaquatro.sp.gov.br\/portal\/wp-content\/uploads\/2025\/02\/WhatsApp-Image-2025-02-14-at-15.25.04.jpeg\" alt=\"\" class=\"wp-image-11318\"\/><\/figure>\n<\/figure>\n","protected":false},"excerpt":{"rendered":"<p>Na tarde desta quinta-feira (13), a Prefeitura realizou mais uma reuni\u00e3o da Sala de Situa\u00e7\u00e3o da Dengue, reunindo diversos \u00f3rg\u00e3os<\/p>\n","protected":false},"author":1,"featured_media":11316,"comment_status":"closed","ping_status":"open","sticky":false,"template":"","format":"standard","meta":{"footnotes":""},"categories":[52,58],"tags":[],"class_list":["post-11315","post","type-post","status-publish","format-standard","has-post-thumbnail","hentry","category-latest","category-health"],"_links":{"self":[{"href":"https:\/\/www.santaritadopassaquatro.sp.gov.br\/portal\/wp-json\/wp\/v2\/posts\/11315","targetHints":{"allow":["GET"]}}],"collection":[{"href":"https:\/\/www.santaritadopassaquatro.sp.gov.br\/portal\/wp-json\/wp\/v2\/posts"}],"about":[{"href":"https:\/\/www.santaritadopassaquatro.sp.gov.br\/portal\/wp-json\/wp\/v2\/types\/post"}],"author":[{"embeddable":true,"href":"https:\/\/www.santaritadopassaquatro.sp.gov.br\/portal\/wp-json\/wp\/v2\/users\/1"}],"replies":[{"embeddable":true,"href":"https:\/\/www.santaritadopassaquatro.sp.gov.br\/portal\/wp-json\/wp\/v2\/comments?post=11315"}],"version-history":[{"count":1,"href":"https:\/\/www.santaritadopassaquatro.sp.gov.br\/portal\/wp-json\/wp\/v2\/posts\/11315\/revisions"}],"predecessor-version":[{"id":11321,"href":"https:\/\/www.santaritadopassaquatro.sp.gov.br\/portal\/wp-json\/wp\/v2\/posts\/11315\/revisions\/11321"}],"wp:featuredmedia":[{"embeddable":true,"href":"https:\/\/www.santaritadopassaquatro.sp.gov.br\/portal\/wp-json\/wp\/v2\/media\/11316"}],"wp:attachment":[{"href":"https:\/\/www.santaritadopassaquatro.sp.gov.br\/portal\/wp-json\/wp\/v2\/media?parent=11315"}],"wp:term":[{"taxonomy":"category","embeddable":true,"href":"https:\/\/www.santaritadopassaquatro.sp.gov.br\/portal\/wp-json\/wp\/v2\/categories?post=11315"},{"taxonomy":"post_tag","embeddable":true,"href":"https:\/\/www.santaritadopassaquatro.sp.gov.br\/portal\/wp-json\/wp\/v2\/tags?post=11315"}],"curies":[{"name":"wp","href":"https:\/\/api.w.org\/{rel}","templated":true}]}}