{"id":11325,"date":"2025-02-17T15:27:32","date_gmt":"2025-02-17T18:27:32","guid":{"rendered":"https:\/\/www.santaritadopassaquatro.sp.gov.br\/portal\/?p=11325"},"modified":"2025-02-17T15:27:33","modified_gmt":"2025-02-17T18:27:33","slug":"%f0%9f%8e%ad%f0%9f%8e%b6-semana-artistico-cultural-2025-%f0%9f%8e%a8%f0%9f%8e%ac","status":"publish","type":"post","link":"https:\/\/www.santaritadopassaquatro.sp.gov.br\/portal\/%f0%9f%8e%ad%f0%9f%8e%b6-semana-artistico-cultural-2025-%f0%9f%8e%a8%f0%9f%8e%ac\/","title":{"rendered":"\ud83c\udfad\ud83c\udfb6 SEMANA ART\u00cdSTICO-CULTURAL 2025 \ud83c\udfa8\ud83c\udfac"},"content":{"rendered":"\n<p>A Cultura e a Arte invadem Santa Rita do Passa Quatro com uma programa\u00e7\u00e3o imperd\u00edvel! \ud83d\udcfd\ufe0f\u2728<\/p>\n\n\n\n<p>\ud83d\udcc5 De 17\/02 a 15\/03 \u2013 Exposi\u00e7\u00e3o &#8220;Mostra pra Rir&#8221;<br>\ud83d\udd8c\ufe0f Caricaturas do Sal\u00e3o de Humor de Piracicaba<br>\ud83d\udccd Local: Centro Cultural e Museu Jos\u00e9 Spadon (Antiga Delegacia)<br>\u23f0 Hor\u00e1rios: Segunda a sexta das 8h30 \u00e0s 10h45 e das 13h30 \u00e0s 16h45 | S\u00e1bados das 10h \u00e0s 14h<\/p>\n\n\n\n<p>\ud83d\udcc5 Dia 17\/02 \u2013 Lan\u00e7amento da 1\u00aa Mostra Audiovisual Santa-Ritense \ud83c\udfac<br>\ud83c\udfa5 Exibi\u00e7\u00e3o de curtas produzidos por talentos locais, dispon\u00edveis no YouTube &#8220;Cultura Santa Rita&#8221; (<a href=\"https:\/\/www.youtube.com\/@culturasantarita8881\" target=\"_blank\" rel=\"noreferrer noopener\">https:\/\/www.youtube.com\/@culturasantarita8881<\/a>)<\/p>\n\n\n\n<p>\ud83d\udca1 Prestigie a Arte e a Cultura local! Compartilhe e participe! \ud83d\udc9a\ud83c\udfad<\/p>\n\n\n\n<figure class=\"wp-block-image size-full\"><img decoding=\"async\" width=\"1080\" height=\"1350\" src=\"https:\/\/www.santaritadopassaquatro.sp.gov.br\/portal\/wp-content\/uploads\/2025\/02\/1a1882b7-5df3-446b-b27b-7707472a9631.jpg\" alt=\"\" class=\"wp-image-11327\"\/><\/figure>\n","protected":false},"excerpt":{"rendered":"<p>A Cultura e a Arte invadem Santa Rita do Passa Quatro com uma programa\u00e7\u00e3o imperd\u00edvel! \ud83d\udcfd\ufe0f\u2728 \ud83d\udcc5 De 17\/02 a<\/p>\n","protected":false},"author":1,"featured_media":11326,"comment_status":"closed","ping_status":"open","sticky":false,"template":"","format":"standard","meta":{"footnotes":""},"categories":[46,52],"tags":[],"class_list":["post-11325","post","type-post","status-publish","format-standard","has-post-thumbnail","hentry","category-cultura","category-latest"],"_links":{"self":[{"href":"https:\/\/www.santaritadopassaquatro.sp.gov.br\/portal\/wp-json\/wp\/v2\/posts\/11325","targetHints":{"allow":["GET"]}}],"collection":[{"href":"https:\/\/www.santaritadopassaquatro.sp.gov.br\/portal\/wp-json\/wp\/v2\/posts"}],"about":[{"href":"https:\/\/www.santaritadopassaquatro.sp.gov.br\/portal\/wp-json\/wp\/v2\/types\/post"}],"author":[{"embeddable":true,"href":"https:\/\/www.santaritadopassaquatro.sp.gov.br\/portal\/wp-json\/wp\/v2\/users\/1"}],"replies":[{"embeddable":true,"href":"https:\/\/www.santaritadopassaquatro.sp.gov.br\/portal\/wp-json\/wp\/v2\/comments?post=11325"}],"version-history":[{"count":1,"href":"https:\/\/www.santaritadopassaquatro.sp.gov.br\/portal\/wp-json\/wp\/v2\/posts\/11325\/revisions"}],"predecessor-version":[{"id":11328,"href":"https:\/\/www.santaritadopassaquatro.sp.gov.br\/portal\/wp-json\/wp\/v2\/posts\/11325\/revisions\/11328"}],"wp:featuredmedia":[{"embeddable":true,"href":"https:\/\/www.santaritadopassaquatro.sp.gov.br\/portal\/wp-json\/wp\/v2\/media\/11326"}],"wp:attachment":[{"href":"https:\/\/www.santaritadopassaquatro.sp.gov.br\/portal\/wp-json\/wp\/v2\/media?parent=11325"}],"wp:term":[{"taxonomy":"category","embeddable":true,"href":"https:\/\/www.santaritadopassaquatro.sp.gov.br\/portal\/wp-json\/wp\/v2\/categories?post=11325"},{"taxonomy":"post_tag","embeddable":true,"href":"https:\/\/www.santaritadopassaquatro.sp.gov.br\/portal\/wp-json\/wp\/v2\/tags?post=11325"}],"curies":[{"name":"wp","href":"https:\/\/api.w.org\/{rel}","templated":true}]}}