{"id":11330,"date":"2025-02-19T17:28:32","date_gmt":"2025-02-19T20:28:32","guid":{"rendered":"https:\/\/www.santaritadopassaquatro.sp.gov.br\/portal\/?p=11330"},"modified":"2025-02-19T17:28:33","modified_gmt":"2025-02-19T20:28:33","slug":"%f0%9f%8e%ad%f0%9f%8e%89-santa-carna-folia-2025-esta-chegando-%f0%9f%8e%b6%f0%9f%a5%b3","status":"publish","type":"post","link":"https:\/\/www.santaritadopassaquatro.sp.gov.br\/portal\/%f0%9f%8e%ad%f0%9f%8e%89-santa-carna-folia-2025-esta-chegando-%f0%9f%8e%b6%f0%9f%a5%b3\/","title":{"rendered":"\ud83c\udfad\ud83c\udf89 Santa Carna Folia 2025 est\u00e1 chegando! \ud83c\udfb6\ud83e\udd73"},"content":{"rendered":"\n<p>Prepare-se para quatro dias de muita alegria, m\u00fasica e divers\u00e3o em Santa Rita do Passa Quatro! Confira a programa\u00e7\u00e3o e venha curtir com a gente esse Carnaval inesquec\u00edvel! \ud83c\udf8a\ud83d\udc9c<\/p>\n\n\n\n<p>\ud83d\udcc5 PROGRAMA\u00c7\u00c3O OFICIAL<\/p>\n\n\n\n<p>\ud83d\udccd S\u00c1BADO \u2013 01\/03<br>\ud83d\udd56 19h \u2013 Palco Folia: Bloco New Dance<br>\ud83d\udd56 19h30 \u2013 Palco Samba: Grupo Entre Amigoz<br>\ud83d\udd58 21h \u2013 Palco Folia: Banda Canossiasom<\/p>\n\n\n\n<p>\ud83d\udccd DOMINGO \u2013 02\/03<br>\ud83d\udd54 17h \u2013 Palco Samba: Bailinho de Carnaval Canto Kids Super Her\u00f3is<br>\ud83d\udd56 19h \u2013 Palco Samba: Sururu na Cidade<br>\ud83d\udd58 21h \u2013 Palco Folia: Banda Canossiasom<\/p>\n\n\n\n<p>\ud83d\udccd SEGUNDA \u2013 03\/03<br>\ud83d\udd56 19h15 \u2013 Palco Samba: Sururu na Cidade<br>\ud83d\udd58 20h50 \u2013 Palco Folia: Grupo Fuzu\u00ea<br>\ud83d\udd58 21h30 \u2013 Palco Folia: Banda Canossiasom<\/p>\n\n\n\n<p>\ud83d\udccd TER\u00c7A \u2013 04\/03<br>\ud83d\udd55 18h \u2013 Palco Folia: Eclipse Dance<br>\ud83d\udd55 18h30 \u2013 Palco Folia: Grupo Balanc\u00ea<br>\ud83d\udd56 19h \u2013 Pra\u00e7a: Bloco Afro Ganga Zumba<br>\ud83d\udd57 20h \u2013 Palco Folia: Banda Canossiasom<\/p>\n\n\n\n<p>\ud83c\udf8a\ud83c\udfad A festa vai ser incr\u00edvel, e voc\u00ea n\u00e3o pode ficar de fora!<\/p>\n\n\n\n<p>Vista sua fantasia, chame os amigos e venha curtir a folia com seguran\u00e7a e muita anima\u00e7\u00e3o! \ud83d\udc9c\u2728<\/p>\n\n\n\n<figure class=\"wp-block-image size-full\"><img decoding=\"async\" width=\"675\" height=\"844\" src=\"https:\/\/www.santaritadopassaquatro.sp.gov.br\/portal\/wp-content\/uploads\/2025\/02\/Post-2.png\" alt=\"\" class=\"wp-image-11332\"\/><\/figure>\n","protected":false},"excerpt":{"rendered":"<p>Prepare-se para quatro dias de muita alegria, m\u00fasica e divers\u00e3o em Santa Rita do Passa Quatro! Confira a programa\u00e7\u00e3o e<\/p>\n","protected":false},"author":1,"featured_media":11331,"comment_status":"closed","ping_status":"open","sticky":false,"template":"","format":"standard","meta":{"footnotes":""},"categories":[46,52],"tags":[],"class_list":["post-11330","post","type-post","status-publish","format-standard","has-post-thumbnail","hentry","category-cultura","category-latest"],"_links":{"self":[{"href":"https:\/\/www.santaritadopassaquatro.sp.gov.br\/portal\/wp-json\/wp\/v2\/posts\/11330","targetHints":{"allow":["GET"]}}],"collection":[{"href":"https:\/\/www.santaritadopassaquatro.sp.gov.br\/portal\/wp-json\/wp\/v2\/posts"}],"about":[{"href":"https:\/\/www.santaritadopassaquatro.sp.gov.br\/portal\/wp-json\/wp\/v2\/types\/post"}],"author":[{"embeddable":true,"href":"https:\/\/www.santaritadopassaquatro.sp.gov.br\/portal\/wp-json\/wp\/v2\/users\/1"}],"replies":[{"embeddable":true,"href":"https:\/\/www.santaritadopassaquatro.sp.gov.br\/portal\/wp-json\/wp\/v2\/comments?post=11330"}],"version-history":[{"count":1,"href":"https:\/\/www.santaritadopassaquatro.sp.gov.br\/portal\/wp-json\/wp\/v2\/posts\/11330\/revisions"}],"predecessor-version":[{"id":11333,"href":"https:\/\/www.santaritadopassaquatro.sp.gov.br\/portal\/wp-json\/wp\/v2\/posts\/11330\/revisions\/11333"}],"wp:featuredmedia":[{"embeddable":true,"href":"https:\/\/www.santaritadopassaquatro.sp.gov.br\/portal\/wp-json\/wp\/v2\/media\/11331"}],"wp:attachment":[{"href":"https:\/\/www.santaritadopassaquatro.sp.gov.br\/portal\/wp-json\/wp\/v2\/media?parent=11330"}],"wp:term":[{"taxonomy":"category","embeddable":true,"href":"https:\/\/www.santaritadopassaquatro.sp.gov.br\/portal\/wp-json\/wp\/v2\/categories?post=11330"},{"taxonomy":"post_tag","embeddable":true,"href":"https:\/\/www.santaritadopassaquatro.sp.gov.br\/portal\/wp-json\/wp\/v2\/tags?post=11330"}],"curies":[{"name":"wp","href":"https:\/\/api.w.org\/{rel}","templated":true}]}}