{"id":1135,"date":"2019-04-05T14:11:25","date_gmt":"2019-04-05T17:11:25","guid":{"rendered":"http:\/\/www.santaritadopassaquatro.sp.gov.br\/portal\/?p=1135"},"modified":"2019-04-05T14:11:25","modified_gmt":"2019-04-05T17:11:25","slug":"regiao-metropolitana-com-vice-prefeita-santa-rita-e-mais-uma-vez-representada-em-reuniao-da-rmrp","status":"publish","type":"post","link":"https:\/\/www.santaritadopassaquatro.sp.gov.br\/portal\/regiao-metropolitana-com-vice-prefeita-santa-rita-e-mais-uma-vez-representada-em-reuniao-da-rmrp\/","title":{"rendered":"REGI\u00c3O METROPOLITANA &#8211;\u00a0Com vice-prefeita, Santa Rita \u00e9 mais uma vez representada em reuni\u00e3o da RMRP"},"content":{"rendered":"<p><strong><em>Encontro aconteceu na \u00faltima segunda-feira (1\/4) com a presen\u00e7a do secret\u00e1rio de Estado de Desenvolvimento<\/em><\/strong><\/p>\n<p>&nbsp;<\/p>\n<figure id=\"attachment_1136\" aria-describedby=\"caption-attachment-1136\" style=\"width: 300px\" class=\"wp-caption alignleft\"><img decoding=\"async\" class=\"wp-image-1136 size-medium\" src=\"http:\/\/www.santaritadopassaquatro.sp.gov.br\/portal\/wp-content\/uploads\/2019\/04\/Maria_Rita_regiao_metropolitana_8-300x200.jpeg\" alt=\"\" width=\"300\" height=\"200\" srcset=\"https:\/\/www.santaritadopassaquatro.sp.gov.br\/portal\/wp-content\/uploads\/2019\/04\/Maria_Rita_regiao_metropolitana_8-300x200.jpeg 300w, https:\/\/www.santaritadopassaquatro.sp.gov.br\/portal\/wp-content\/uploads\/2019\/04\/Maria_Rita_regiao_metropolitana_8-768x512.jpeg 768w, https:\/\/www.santaritadopassaquatro.sp.gov.br\/portal\/wp-content\/uploads\/2019\/04\/Maria_Rita_regiao_metropolitana_8-1024x682.jpeg 1024w, https:\/\/www.santaritadopassaquatro.sp.gov.br\/portal\/wp-content\/uploads\/2019\/04\/Maria_Rita_regiao_metropolitana_8.jpeg 1280w\" sizes=\"(max-width: 300px) 100vw, 300px\" \/><figcaption id=\"caption-attachment-1136\" class=\"wp-caption-text\"><span style=\"font-size: 8pt; color: #808080;\"><em><strong>A vice-prefeita junto com representantes de demais munic\u00edpio durante o 13\u00aa reuni\u00e3o da RMRP (Reprodu\u00e7\u00e3o)<\/strong><\/em><\/span><\/figcaption><\/figure>\n<p>Santa Rita do Passa Quatro foi mais uma vez representada em mais uma reuni\u00e3o Conselho de Desenvolvimento da Regi\u00e3o Metropolitana de Ribeir\u00e3o Preto (RMRP). A vice-prefeita Maria Rita Mondin de Oliveira representou o prefeito Leandro Luciano dos Santos, nesta segunda-feira(1\/4), no 13\u00ba encontro da RMRP, realizada na sede da Associa\u00e7\u00e3o de Engenharia, Arquitetura e Agronomia de Ribeir\u00e3o Preto (AEAARP).<\/p>\n<p>Na ocasi\u00e3o o prefeito de Ribeir\u00e3o Preto, Duarte Nogueira (PSDB) foi eleito pelo terceiro mandato como presidente do Conselho. O vice-presidente, tamb\u00e9m reeleito, continua sendo o prefeito de Batatais, Jos\u00e9 Luis Romagnoli (PSD).<\/p>\n<p>A reuni\u00e3o tamb\u00e9m contou com a presen\u00e7a do secret\u00e1rio de Estado de Desenvolvimento Regional, Marco Vinholi, que falou sobre as a\u00e7\u00f5es do governo do Estado com a cria\u00e7\u00e3o da pasta, o comprometimento com o municipalismo e com a integra\u00e7\u00e3o dos 645 munic\u00edpios paulistas.<\/p>\n<p>O primeiro item da pauta do dia foi a Orquestra Sinf\u00f4nica de Ribeir\u00e3o Preto, que em 2021 completar\u00e1 100 anos de hist\u00f3ria, e conta com um projeto de regionaliza\u00e7\u00e3o das suas atividades.<\/p>\n<p>O segundo item foi a aprova\u00e7\u00e3o da ata da \u00faltima reuni\u00e3o, realizada em 25 de fevereiro. Entre os assuntos tratados, a paridade para compor o valor do futuro Fundo Metropolitano da RMRP (30% cedidos pelos Munic\u00edpios e 70% oriundos do governo estadual).<\/p>\n<p>Entre os outros assuntos levantados pelos prefeitos membros da Regi\u00e3o Metropolitana est\u00e3o a quest\u00e3o dos res\u00edduos s\u00f3lidos, transporte intermunicipal, seguran\u00e7a p\u00fablica, precat\u00f3rios e a manuten\u00e7\u00e3o do projeto Guri (mantido pela Secretaria de Cultura e Economia Criativa do Estado de S\u00e3o Paulo).<\/p>\n<p>&nbsp;<\/p>\n<p>A pr\u00f3xima reuni\u00e3o do Conselho de Desenvolvimento da Regi\u00e3o Metropolitana foi agendada para dia 13 de maio.<\/p>\n<p>&nbsp;<\/p>\n<p>&nbsp;<\/p>\n<p><strong>\u00a0<\/strong><\/p>\n","protected":false},"excerpt":{"rendered":"<p>Encontro aconteceu na \u00faltima segunda-feira (1\/4) com a presen\u00e7a do secret\u00e1rio de Estado de Desenvolvimento &nbsp; Santa Rita do Passa<\/p>\n","protected":false},"author":1,"featured_media":1136,"comment_status":"closed","ping_status":"open","sticky":false,"template":"","format":"standard","meta":{"footnotes":""},"categories":[44,52,57],"tags":[],"class_list":["post-1135","post","type-post","status-publish","format-standard","has-post-thumbnail","hentry","category-cidades","category-latest","category-politics"],"_links":{"self":[{"href":"https:\/\/www.santaritadopassaquatro.sp.gov.br\/portal\/wp-json\/wp\/v2\/posts\/1135","targetHints":{"allow":["GET"]}}],"collection":[{"href":"https:\/\/www.santaritadopassaquatro.sp.gov.br\/portal\/wp-json\/wp\/v2\/posts"}],"about":[{"href":"https:\/\/www.santaritadopassaquatro.sp.gov.br\/portal\/wp-json\/wp\/v2\/types\/post"}],"author":[{"embeddable":true,"href":"https:\/\/www.santaritadopassaquatro.sp.gov.br\/portal\/wp-json\/wp\/v2\/users\/1"}],"replies":[{"embeddable":true,"href":"https:\/\/www.santaritadopassaquatro.sp.gov.br\/portal\/wp-json\/wp\/v2\/comments?post=1135"}],"version-history":[{"count":0,"href":"https:\/\/www.santaritadopassaquatro.sp.gov.br\/portal\/wp-json\/wp\/v2\/posts\/1135\/revisions"}],"wp:featuredmedia":[{"embeddable":true,"href":"https:\/\/www.santaritadopassaquatro.sp.gov.br\/portal\/wp-json\/wp\/v2\/media\/1136"}],"wp:attachment":[{"href":"https:\/\/www.santaritadopassaquatro.sp.gov.br\/portal\/wp-json\/wp\/v2\/media?parent=1135"}],"wp:term":[{"taxonomy":"category","embeddable":true,"href":"https:\/\/www.santaritadopassaquatro.sp.gov.br\/portal\/wp-json\/wp\/v2\/categories?post=1135"},{"taxonomy":"post_tag","embeddable":true,"href":"https:\/\/www.santaritadopassaquatro.sp.gov.br\/portal\/wp-json\/wp\/v2\/tags?post=1135"}],"curies":[{"name":"wp","href":"https:\/\/api.w.org\/{rel}","templated":true}]}}